{"id":986,"date":"2018-05-24T12:14:33","date_gmt":"2018-05-24T12:14:33","guid":{"rendered":"http:\/\/larock.com.es\/site\/?p=986"},"modified":"2022-01-07T08:52:56","modified_gmt":"2022-01-07T08:52:56","slug":"la-gira-latinoamericana-de-cantajuego-arranca-con-un-exito-rotundo","status":"publish","type":"post","link":"https:\/\/larock.com.es\/site\/2018\/05\/24\/la-gira-latinoamericana-de-cantajuego-arranca-con-un-exito-rotundo\/","title":{"rendered":"LA GIRA LATINOAMERICANA DE CANTAJUEGO ARRANCA CON UN \u00c9XITO ROTUNDO"},"content":{"rendered":"<p style=\"text-align: justify;\"><strong>El comienzo de la gira en Latinoam\u00e9rica, se inici\u00f3 en Bogot\u00e1 con una gran acogida por parte del p\u00fablico colombiano. En los pr\u00f3ximos d\u00edas el espect\u00e1culo \u201cYo Tengo Derecho a Jugar\u201d desembarcar\u00e1 en Argentina y Per\u00fa.<\/strong><\/p>\n<p style=\"text-align: justify;\"><strong>Madrid, 22 de Mayo 2018.-&nbsp; El Teatro ABC de Bogot\u00e1 acogi\u00f3 las cuatro primeras funciones de la Gira Latinoamericana de CantaJuego, durante los d\u00edas 19 y 20 de Mayo, ante un auditorio entregado.<\/strong><\/p>\n<p style=\"text-align: justify;\"><strong>Era la primera vez que CantaJuego actuaban en Colombia y la primera parada en <\/strong>un escenario en Am\u00e9rica del Sur. La acogida que le dispens\u00f3 el p\u00fablico colombiano les hizo sentirse como en casa.<\/p>\n<p style=\"text-align: justify;\"><strong>\u201c<\/strong><em>Gracias por la visita de ayer la pasamos muy bien. Y por favor \u00a1vuelvan pronto!. Les estaremos esperando con los brazos abiertos, todo muy bonito e inolvidable<\/em>\u201d, comentaba una de las madres, a las que se un\u00edan otras voces entusiasmadas por una de las cuatro funciones que ofrecieron para el p\u00fablico de Bogot\u00e1: \u201c<em>El concierto estuvo s\u00faper espectacular. Muchas felicidades, muy lindos todos<\/em>\u201d, \u201c<em>Espero que vuelvan pronto a Bogot\u00e1 \u00a1se les quieres muchachos!\u201d.<\/em><\/p>\n<p style=\"text-align: justify;\">La gira continuar\u00e1, tras este primer espectacular estreno, para el p\u00fablico Argentino y Peruano. El grupo infantil estar\u00e1 en <strong>Buenos Aires<\/strong> los d\u00edas <strong>25, 26 y 27 de Mayo<\/strong> en el Teatro Astral, y en Junio ser\u00e1 el turno de <strong>Lima en los d\u00edas 1 y 2<\/strong> con funciones en el Centro de Convenciones Mar\u00eda Angola.<\/p>\n<p style=\"text-align: justify;\">Es el espect\u00e1culo preferido de los m\u00e1s peque\u00f1os y una invitaci\u00f3n para vivir una experiencia familiar \u00fanica a trav\u00e9s de la m\u00fasica y el movimiento como elementos para activar el funcionamiento de la imaginaci\u00f3n y la fantas\u00eda, con propuestas did\u00e1cticas y divertidas, enfatizando valores claves para acompa\u00f1arlos a lo largo de la primera infancia. Cantar y Jugar es el medio y la oportunidad para que los adultos se acerquen a los ni\u00f1os, r\u00edan y disfruten de bellas canciones junto a los personajes que conviven en el mundo de la fantas\u00eda y el juego.<\/p>\n","protected":false},"excerpt":{"rendered":"<p>El comienzo de la gira en Latinoam\u00e9rica, se inici\u00f3 en Bogot\u00e1 con una gran acogida por parte del p\u00fablico colombiano. En los pr\u00f3ximos d\u00edas el espect\u00e1culo \u201cYo Tengo Derecho a Jugar\u201d desembarcar\u00e1 en Argentina y Per\u00fa. Madrid, 22 de Mayo 2018.-&nbsp; El Teatro ABC de Bogot\u00e1 acogi\u00f3 las cuatro primeras funciones de la Gira Latinoamericana [&hellip;]<\/p>\n","protected":false},"author":2,"featured_media":3350,"comment_status":"open","ping_status":"open","sticky":false,"template":"","format":"standard","meta":{"footnotes":""},"categories":[26,27],"tags":[49,43,42,102],"class_list":["post-986","post","type-post","status-publish","format-standard","has-post-thumbnail","hentry","category-espectaculos","category-noticias","tag-cantajuego","tag-l-a-rock","tag-l-a-rock-entertainment","tag-yo-tengo-derecho-a-jugar"],"_links":{"self":[{"href":"https:\/\/larock.com.es\/site\/wp-json\/wp\/v2\/posts\/986","targetHints":{"allow":["GET"]}}],"collection":[{"href":"https:\/\/larock.com.es\/site\/wp-json\/wp\/v2\/posts"}],"about":[{"href":"https:\/\/larock.com.es\/site\/wp-json\/wp\/v2\/types\/post"}],"author":[{"embeddable":true,"href":"https:\/\/larock.com.es\/site\/wp-json\/wp\/v2\/users\/2"}],"replies":[{"embeddable":true,"href":"https:\/\/larock.com.es\/site\/wp-json\/wp\/v2\/comments?post=986"}],"version-history":[{"count":5,"href":"https:\/\/larock.com.es\/site\/wp-json\/wp\/v2\/posts\/986\/revisions"}],"predecessor-version":[{"id":3363,"href":"https:\/\/larock.com.es\/site\/wp-json\/wp\/v2\/posts\/986\/revisions\/3363"}],"wp:featuredmedia":[{"embeddable":true,"href":"https:\/\/larock.com.es\/site\/wp-json\/wp\/v2\/media\/3350"}],"wp:attachment":[{"href":"https:\/\/larock.com.es\/site\/wp-json\/wp\/v2\/media?parent=986"}],"wp:term":[{"taxonomy":"category","embeddable":true,"href":"https:\/\/larock.com.es\/site\/wp-json\/wp\/v2\/categories?post=986"},{"taxonomy":"post_tag","embeddable":true,"href":"https:\/\/larock.com.es\/site\/wp-json\/wp\/v2\/tags?post=986"}],"curies":[{"name":"wp","href":"https:\/\/api.w.org\/{rel}","templated":true}]}}