{"id":933,"date":"2018-03-20T11:50:56","date_gmt":"2018-03-20T11:50:56","guid":{"rendered":"http:\/\/larock.com.es\/site\/?p=933"},"modified":"2022-01-07T09:09:10","modified_gmt":"2022-01-07T09:09:10","slug":"steven-tyler-actuara-en-el-universal-music-festival-2018","status":"publish","type":"post","link":"https:\/\/larock.com.es\/site\/2018\/03\/20\/steven-tyler-actuara-en-el-universal-music-festival-2018\/","title":{"rendered":"STEVEN TYLER ACTUAR\u00c1 EN EL UNIVERSAL MUSIC FESTIVAL 2018"},"content":{"rendered":"<p>El ex <strong>Aerosmith<\/strong> se suma a la programaci\u00f3n el 30 de julio.<\/p>\n<p>Entradas a la venta:<\/p>\n<p><strong>20 de Marzo 10:00h&nbsp; Abonados y Amigos del Real<\/strong><br \/>\n<strong> 27 de Marzo 10:00h&nbsp; P\u00fablico general<\/strong><\/p>\n<p>Steven Tyler, legendario cantante y compositor ganador de varios premios Grammy, ha anunciado esta ma\u00f1ana su gira internacional, que incluir\u00e1 una actuaci\u00f3n en el Universal Music Festival 2018 el pr\u00f3ximo 30 de julio acompa\u00f1ado de la Loving Mary Band de Nashville.<\/p>\n<p>El ex Aerosmith presentar\u00e1 en el Teatro Real un repertorio de lo m\u00e1s variado y extenso, que comprender\u00e1 sus \u00e9xitos m\u00e1s conocidos, as\u00ed como las mejores canciones de su nuevo \u00e1lbum en solitario: <em>We\u2019re All Somebody From Somewhere<\/em>.<\/p>\n<p>Adem\u00e1s, contar\u00e1 con la colaboraci\u00f3n del d\u00fao de country compuesto por <strong>Ruby Stewart<\/strong> (hija de Rod Stewart) y <strong>Alyssa Bonagura<\/strong> (hija de Kathie Ballie y Michael Bonagura de Baillie &amp; the Boys), que telonear\u00e1n a la m\u00edtica estrella del rock.<\/p>\n<p>Con este show, Steven Tyler se suma a la programaci\u00f3n del Universal Music Festival 2018, que ya incluye grandes nombres como <strong>Gregory Porter<\/strong> (23 de Julio), <strong>Pablo L\u00f3pez<\/strong> (28 de Julio, SOLD OUT) y <strong>Pablo Albor\u00e1n<\/strong> (31 de Julio, SOLD OUT).<\/p>\n<p>M\u00e1s informaci\u00f3n en<\/p>\n<p><a href=\"http:\/\/www.universalmusicfestival.es\">www.universalmusicfestival.es<br \/>\n<\/a>twitter.com\/UMusicFestival<br \/>\nfacebook.com\/universalmusicfestival\/<br \/>\ninstagram.com\/umusicfestival\/<\/p>\n","protected":false},"excerpt":{"rendered":"<p>El ex Aerosmith se suma a la programaci\u00f3n el 30 de julio. Entradas a la venta: 20 de Marzo 10:00h&nbsp; Abonados y Amigos del Real 27 de Marzo 10:00h&nbsp; P\u00fablico general Steven Tyler, legendario cantante y compositor ganador de varios premios Grammy, ha anunciado esta ma\u00f1ana su gira internacional, que incluir\u00e1 una actuaci\u00f3n en el [&hellip;]<\/p>\n","protected":false},"author":2,"featured_media":3368,"comment_status":"open","ping_status":"open","sticky":false,"template":"","format":"standard","meta":{"footnotes":""},"categories":[25,27],"tags":[112,43,42,111,106],"class_list":["post-933","post","type-post","status-publish","format-standard","has-post-thumbnail","hentry","category-festivales","category-noticias","tag-aerosmith","tag-l-a-rock","tag-l-a-rock-entertainment","tag-steven-tyler","tag-universal-music-festival"],"_links":{"self":[{"href":"https:\/\/larock.com.es\/site\/wp-json\/wp\/v2\/posts\/933","targetHints":{"allow":["GET"]}}],"collection":[{"href":"https:\/\/larock.com.es\/site\/wp-json\/wp\/v2\/posts"}],"about":[{"href":"https:\/\/larock.com.es\/site\/wp-json\/wp\/v2\/types\/post"}],"author":[{"embeddable":true,"href":"https:\/\/larock.com.es\/site\/wp-json\/wp\/v2\/users\/2"}],"replies":[{"embeddable":true,"href":"https:\/\/larock.com.es\/site\/wp-json\/wp\/v2\/comments?post=933"}],"version-history":[{"count":4,"href":"https:\/\/larock.com.es\/site\/wp-json\/wp\/v2\/posts\/933\/revisions"}],"predecessor-version":[{"id":3386,"href":"https:\/\/larock.com.es\/site\/wp-json\/wp\/v2\/posts\/933\/revisions\/3386"}],"wp:featuredmedia":[{"embeddable":true,"href":"https:\/\/larock.com.es\/site\/wp-json\/wp\/v2\/media\/3368"}],"wp:attachment":[{"href":"https:\/\/larock.com.es\/site\/wp-json\/wp\/v2\/media?parent=933"}],"wp:term":[{"taxonomy":"category","embeddable":true,"href":"https:\/\/larock.com.es\/site\/wp-json\/wp\/v2\/categories?post=933"},{"taxonomy":"post_tag","embeddable":true,"href":"https:\/\/larock.com.es\/site\/wp-json\/wp\/v2\/tags?post=933"}],"curies":[{"name":"wp","href":"https:\/\/api.w.org\/{rel}","templated":true}]}}