{"id":922,"date":"2018-03-16T18:34:13","date_gmt":"2018-03-16T18:34:13","guid":{"rendered":"http:\/\/larock.com.es\/site\/?p=922"},"modified":"2022-01-07T09:08:59","modified_gmt":"2022-01-07T09:08:59","slug":"david-byrne-visitara-madrid-dentro-del-ciclo-noches-del-botanico","status":"publish","type":"post","link":"https:\/\/larock.com.es\/site\/2018\/03\/16\/david-byrne-visitara-madrid-dentro-del-ciclo-noches-del-botanico\/","title":{"rendered":"DAVID BYRNE VISITAR\u00c1 MADRID DENTRO DEL CICLO &#8216;NOCHES DEL BOT\u00c1NICO&#8217;"},"content":{"rendered":"<p>Presentar\u00e1 en directo su nuevo disco <strong>American Utopia<\/strong>.<\/p>\n<p>David Byrne ya ha anunciado la extensa gira mundial con la que llevar\u00e1 al directo su pr\u00f3ximo \u00e1lbum, American Utopia. Entre ellas, el artista ha confirmado tambi\u00e9n fecha en la capital dentro del ciclo madrile\u00f1o Noches del Bot\u00e1nico. La cita tendr\u00e1 lugar el 10 de julio en el Real Jard\u00edn Bot\u00e1nico Alfonso XIII de la Universidad Complutense. Las entradas saldr\u00e1n a<span class=\"text_exposed_show\">&nbsp;la venta el pr\u00f3ximo 6 de marzo y podr\u00e1n adquirirse en&nbsp;<a href=\"https:\/\/l.facebook.com\/l.php?u=http%3A%2F%2FEntradas.com%2F&amp;h=ATMZd1q97t_vChhDL0MifN7-7QEHvydPsM0HgZpb2ziOMnZDbwhymM2_bDuDGd5prhMf92gR3inKC_7SjinmBboXQk9NGmE_hyZ4xa6oXuAvTUf1vwdjxNN9zJf21WnN5O8JLMUt\" target=\"_blank\" rel=\"noopener nofollow\" data-ft=\"{&quot;tn&quot;:&quot;-U&quot;}\" data-lynx-mode=\"asynclazy\">Entradas.com<\/a>&nbsp;y la web del ciclo&nbsp;<a href=\"http:\/\/nochesdelbotanico.com\/\" target=\"_blank\" rel=\"noopener nofollow\" data-ft=\"{&quot;tn&quot;:&quot;-U&quot;}\" data-lynx-mode=\"asynclazy\" data-lynx-uri=\"https:\/\/l.facebook.com\/l.php?u=http%3A%2F%2FNochesdelbotanico.com%2F&amp;h=ATMmT87beHn32rbPRQkRe450n34GQ6QIfn0a_zT34H_syL_HboZbyfZAj2SkthukOW34nOn0anYuJSXNAtgmjxxcrohW9DtID9cX98JTVoPLxm4Fk0tZnY6APfnEJeEdTxq3XylN\">Nochesdelbotanico.com.<\/a><\/span><\/p>\n<div class=\"text_exposed_show\">\n<p>Este tour llevar\u00e1 a Byrne por Estados Unidos, Canad\u00e1, M\u00e9xico, Am\u00e9rica Latina y una gira por toda Europa. Las primeras fechas de presentaci\u00f3n de este tour con m\u00e1s de 80 fechas ya han agotado todo el papel. Una banda de doce m\u00fasicos acompa\u00f1ar\u00e1 a David Byrne en el escenario para un concierto coreografiado que \u00e9l mismo ha calificado como \u00abel show m\u00e1s ambicioso que he hecho desde los conciertos que grabamos para Stop Making Sense\u00bb. Esta ser\u00e1 la ocasi\u00f3n perfecta para poder disfrutar tambi\u00e9n de los \u00e9xitos de su carrera en solitario y los cl\u00e1sicos de su \u00e9poca junto a Talking Heads en un entorno de lujo como es el Jard\u00edn Bot\u00e1nico.<\/p>\n<p>El disco saldr\u00e1 a la venta el 9 de marzo (con Todomundo\/Nonesuch Records), y su adelanto Everybody&#8217;s Coming To My House ya ha recibido las buenas cr\u00edticas de Billboard \u2013\u00bbByrne trae una canci\u00f3n pegadiza y funky con tambores y trompetas como s\u00f3lo Byrne sabe hacer\u00bb\u2013 o Rolling Stone \u2013\u00bbLa pista se desliza a trav\u00e9s de un espacio polirr\u00edtmico que se ha convertido en un incondicional del trabajo de Byrne\u00bb. La canci\u00f3n fue escrita junto a Brian Eno y cuenta con las colaboraciones de TTY, Happa, Isaiah Barr Leader of the Onyx Collective, Daniel Lopatin (Oneohtrix Point Never) y Sampha entre otros.<\/p>\n<p>________________________<\/p>\n<p><strong>DAVID BYRNE \u00b7 AMERICAN UTOPIA WORLD TOUR<\/strong><\/p>\n<p>10 JULIO 2018<br>NOCHES DEL BOT\u00c1NICO<br>Real Jard\u00edn Bot\u00e1nico Alfonso XIII de la Universidad Complutense de Madrid.<\/p>\n<p>Entradas ya a la venta en&nbsp;<a href=\"http:\/\/entradas.com\/\" target=\"_blank\" rel=\"noopener nofollow\" data-ft=\"{&quot;tn&quot;:&quot;-U&quot;}\" data-lynx-mode=\"asynclazy\" data-lynx-uri=\"https:\/\/l.facebook.com\/l.php?u=http%3A%2F%2FEntradas.com%2F&amp;h=ATPImecRa-czHEsa22D4r095cZOvacUGM_2S_v89U1q1IQlpWe853XCa0XMrEKz1CRvdBmiqIUSkXTuTCXZEye_soCoytLRcLrGllohbNbutseenQhnnjz5OAY5HiebKwRBzsYAs\">Entradas.com<\/a>&nbsp;y&nbsp;<a href=\"https:\/\/l.facebook.com\/l.php?u=http%3A%2F%2FNochesdelbotanico.com%2F&amp;h=ATMosM7lvvLF6SlB-_CsQUKpLCQIqOMHvvr9Auf4xx6aNHmO9DzCfBKSmomuEZLea-uvF5mxMu8j9bFuisYZ7s6gkUssGC9iL-im8CWYPqXJJ4eLp61gjDFf08xWawht-noWIBIM\" target=\"_blank\" rel=\"noopener nofollow\" data-ft=\"{&quot;tn&quot;:&quot;-U&quot;}\" data-lynx-mode=\"asynclazy\">Nochesdelbotanico.com<\/a><\/p>\n<p><a href=\"http:\/\/www.entradas.com\/entradas-david-byrne-noches-del-botanico.html?affiliate=EES&amp;doc=artistPages%2Ftickets&amp;fun=artist&amp;action=tickets&amp;erid=2138645&amp;kuid=493479\" target=\"_blank\" rel=\"noopener nofollow\" data-ft=\"{&quot;tn&quot;:&quot;-U&quot;}\" data-lynx-mode=\"asynclazy\" data-lynx-uri=\"https:\/\/l.facebook.com\/l.php?u=http%3A%2F%2Fwww.entradas.com%2Fentradas-david-byrne-noches-del-botanico.html%3Faffiliate%3DEES%26doc%3DartistPages%252Ftickets%26fun%3Dartist%26action%3Dtickets%26erid%3D2138645%26kuid%3D493479&amp;h=ATNvhcyQYVoRaGdTjbc7wivimqZPCh_nSsW_SiYVFWEeEv348ZZQeU3YYjDhuNU1nHjmTkN3UYF8DcxSH6ARP2UNcKfKbfl2dENF2MgE4BZn0l_0BRaEYg6wu4YUfzCPNdP2Mqw4\">http:\/\/www.entradas.com\/entradas-david-byrne-noches-del-bot\u2026<\/a><\/p>\n<p><a href=\"https:\/\/www.nochesdelbotanico.com\/artistas\/david-byrne\" target=\"_blank\" rel=\"noopener nofollow\" data-ft=\"{&quot;tn&quot;:&quot;-U&quot;}\" data-lynx-mode=\"asynclazy\" data-lynx-uri=\"https:\/\/l.facebook.com\/l.php?u=https%3A%2F%2Fwww.nochesdelbotanico.com%2Fartistas%2Fdavid-byrne&amp;h=ATNVtcBMgY95jjyw4jflMoU-v6kaNyOIciLTCDmGGDAtrrhm6M1CVBqieJPJeoS3ibTAjAaQzF-JW6k812Tc_xO3w2j7g3Ly8JPnmO9EW1HqpO-Q-4vGAiBRcnHO9Io9qXJ9u06u\">https:\/\/www.nochesdelbotanico.com\/artistas\/david-byrne<\/a><\/p>\n<p><img loading=\"lazy\" decoding=\"async\" class=\"aligncenter wp-image-923\" src=\"http:\/\/larock.com.es\/site\/wp-content\/uploads\/2018\/03\/28685377_10155892018565239_8505174688018726912_n.jpg\" alt=\"28685377_10155892018565239_8505174688018726912_n\" width=\"600\" height=\"769\" srcset=\"https:\/\/larock.com.es\/site\/wp-content\/uploads\/2018\/03\/28685377_10155892018565239_8505174688018726912_n.jpg 749w, https:\/\/larock.com.es\/site\/wp-content\/uploads\/2018\/03\/28685377_10155892018565239_8505174688018726912_n-234x300.jpg 234w, https:\/\/larock.com.es\/site\/wp-content\/uploads\/2018\/03\/28685377_10155892018565239_8505174688018726912_n-400x513.jpg 400w\" sizes=\"auto, (max-width: 600px) 100vw, 600px\" \/><\/p>\n<\/div>\n\n\n<p><\/p>\n","protected":false},"excerpt":{"rendered":"<p>Presentar\u00e1 en directo su nuevo disco American Utopia. David Byrne ya ha anunciado la extensa gira mundial con la que llevar\u00e1 al directo su pr\u00f3ximo \u00e1lbum, American Utopia. Entre ellas, el artista ha confirmado tambi\u00e9n fecha en la capital dentro del ciclo madrile\u00f1o Noches del Bot\u00e1nico. La cita tendr\u00e1 lugar el 10 de julio en [&hellip;]<\/p>\n","protected":false},"author":2,"featured_media":3369,"comment_status":"open","ping_status":"open","sticky":false,"template":"","format":"standard","meta":{"footnotes":""},"categories":[24,27],"tags":[113,104,43,42],"class_list":["post-922","post","type-post","status-publish","format-standard","has-post-thumbnail","hentry","category-conciertos1","category-noticias","tag-american-utopia","tag-david-byrne","tag-l-a-rock","tag-l-a-rock-entertainment"],"_links":{"self":[{"href":"https:\/\/larock.com.es\/site\/wp-json\/wp\/v2\/posts\/922","targetHints":{"allow":["GET"]}}],"collection":[{"href":"https:\/\/larock.com.es\/site\/wp-json\/wp\/v2\/posts"}],"about":[{"href":"https:\/\/larock.com.es\/site\/wp-json\/wp\/v2\/types\/post"}],"author":[{"embeddable":true,"href":"https:\/\/larock.com.es\/site\/wp-json\/wp\/v2\/users\/2"}],"replies":[{"embeddable":true,"href":"https:\/\/larock.com.es\/site\/wp-json\/wp\/v2\/comments?post=922"}],"version-history":[{"count":4,"href":"https:\/\/larock.com.es\/site\/wp-json\/wp\/v2\/posts\/922\/revisions"}],"predecessor-version":[{"id":3384,"href":"https:\/\/larock.com.es\/site\/wp-json\/wp\/v2\/posts\/922\/revisions\/3384"}],"wp:featuredmedia":[{"embeddable":true,"href":"https:\/\/larock.com.es\/site\/wp-json\/wp\/v2\/media\/3369"}],"wp:attachment":[{"href":"https:\/\/larock.com.es\/site\/wp-json\/wp\/v2\/media?parent=922"}],"wp:term":[{"taxonomy":"category","embeddable":true,"href":"https:\/\/larock.com.es\/site\/wp-json\/wp\/v2\/categories?post=922"},{"taxonomy":"post_tag","embeddable":true,"href":"https:\/\/larock.com.es\/site\/wp-json\/wp\/v2\/tags?post=922"}],"curies":[{"name":"wp","href":"https:\/\/api.w.org\/{rel}","templated":true}]}}