{"id":885,"date":"2018-01-17T11:01:11","date_gmt":"2018-01-17T11:01:11","guid":{"rendered":"http:\/\/larock.com.es\/site\/?p=885"},"modified":"2022-01-07T09:08:49","modified_gmt":"2022-01-07T09:08:49","slug":"el-barrio-anuncia-tercera-fecha-en-madrid","status":"publish","type":"post","link":"https:\/\/larock.com.es\/site\/2018\/01\/17\/el-barrio-anuncia-tercera-fecha-en-madrid\/","title":{"rendered":"EL BARRIO ANUNCIA TERCERA FECHA EN MADRID"},"content":{"rendered":"<h2 style=\"text-align: center;\">Volver\u00e1 a la capital el 6 de diciembre de 2018<\/h2>\n<p style=\"text-align: left;\">Tras su exitoso inicio de gira en Sevilla el pasado fin de semana, <strong>El Barrio<\/strong> volver\u00e1 a subirse al escenario del Wizink Center de Madrid los d\u00edas 19 y 20 de enero para ofrecer su esperado directo de Las Costuras del Alma.<\/p>\n<p>Pero estas no ser\u00e1n las \u00fanicas fechas del artista en Madrid, El Barrio anuncia un nuevo concierto en el WiZink Center de Madrid el pr\u00f3ximo 6 de diciembre. Ser\u00e1 una cita muy especial, puesto que ser\u00e1 la vig\u00e9sima vez que El Barrio visita este recinto y coincidir\u00e1 adem\u00e1s con el fin de gira de Las Costuras del Alma.<\/p>\n<p>Un acontecimiento \u00fanico tanto para el artista como para el recinto, en el que habr\u00e1 muchas sorpresas que anunciaremos pr\u00f3ximamente. Las entradas para este nuevo concierto saldr\u00e1n a la venta el d\u00eda 19 de enero en El Corte Ingl\u00e9s.<\/p>\n","protected":false},"excerpt":{"rendered":"<p>Volver\u00e1 a la capital el 6 de diciembre de 2018 Tras su exitoso inicio de gira en Sevilla el pasado fin de semana, El Barrio volver\u00e1 a subirse al escenario del Wizink Center de Madrid los d\u00edas 19 y 20 de enero para ofrecer su esperado directo de Las Costuras del Alma. Pero estas no [&hellip;]<\/p>\n","protected":false},"author":2,"featured_media":3370,"comment_status":"open","ping_status":"open","sticky":false,"template":"","format":"standard","meta":{"footnotes":""},"categories":[24,27],"tags":[79,43,42],"class_list":["post-885","post","type-post","status-publish","format-standard","has-post-thumbnail","hentry","category-conciertos1","category-noticias","tag-el-barrio","tag-l-a-rock","tag-l-a-rock-entertainment"],"_links":{"self":[{"href":"https:\/\/larock.com.es\/site\/wp-json\/wp\/v2\/posts\/885","targetHints":{"allow":["GET"]}}],"collection":[{"href":"https:\/\/larock.com.es\/site\/wp-json\/wp\/v2\/posts"}],"about":[{"href":"https:\/\/larock.com.es\/site\/wp-json\/wp\/v2\/types\/post"}],"author":[{"embeddable":true,"href":"https:\/\/larock.com.es\/site\/wp-json\/wp\/v2\/users\/2"}],"replies":[{"embeddable":true,"href":"https:\/\/larock.com.es\/site\/wp-json\/wp\/v2\/comments?post=885"}],"version-history":[{"count":4,"href":"https:\/\/larock.com.es\/site\/wp-json\/wp\/v2\/posts\/885\/revisions"}],"predecessor-version":[{"id":3382,"href":"https:\/\/larock.com.es\/site\/wp-json\/wp\/v2\/posts\/885\/revisions\/3382"}],"wp:featuredmedia":[{"embeddable":true,"href":"https:\/\/larock.com.es\/site\/wp-json\/wp\/v2\/media\/3370"}],"wp:attachment":[{"href":"https:\/\/larock.com.es\/site\/wp-json\/wp\/v2\/media?parent=885"}],"wp:term":[{"taxonomy":"category","embeddable":true,"href":"https:\/\/larock.com.es\/site\/wp-json\/wp\/v2\/categories?post=885"},{"taxonomy":"post_tag","embeddable":true,"href":"https:\/\/larock.com.es\/site\/wp-json\/wp\/v2\/tags?post=885"}],"curies":[{"name":"wp","href":"https:\/\/api.w.org\/{rel}","templated":true}]}}