{"id":882,"date":"2018-01-16T09:43:15","date_gmt":"2018-01-16T09:43:15","guid":{"rendered":"http:\/\/larock.com.es\/site\/?p=882"},"modified":"2022-01-07T09:08:21","modified_gmt":"2022-01-07T09:08:21","slug":"l-a-rock-y-la-plataforma-del-voluntariado-presentan-aprendiendo-el-voluntariado-curar-y-cantar","status":"publish","type":"post","link":"https:\/\/larock.com.es\/site\/2018\/01\/16\/l-a-rock-y-la-plataforma-del-voluntariado-presentan-aprendiendo-el-voluntariado-curar-y-cantar\/","title":{"rendered":"L.A. ROCK Y LA PLATAFORMA DEL VOLUNTARIADO PRESENTAN \u00abAPRENDIENDO EL VOLUNTARIADO: CURAR Y CANTAR\u00bb"},"content":{"rendered":"<p><img loading=\"lazy\" decoding=\"async\" class=\"aligncenter size-large wp-image-879\" src=\"http:\/\/larock.com.es\/site\/wp-content\/uploads\/2018\/01\/dbeb1f00-b3d9-4a1b-9e14-4a51bb17ec90-1024x851.jpg\" sizes=\"auto, (max-width: 600px) 100vw, 600px\" srcset=\"http:\/\/larock.com.es\/site\/wp-content\/uploads\/2018\/01\/dbeb1f00-b3d9-4a1b-9e14-4a51bb17ec90-1024x851.jpg 1024w, http:\/\/larock.com.es\/site\/wp-content\/uploads\/2018\/01\/dbeb1f00-b3d9-4a1b-9e14-4a51bb17ec90-300x249.jpg 300w, http:\/\/larock.com.es\/site\/wp-content\/uploads\/2018\/01\/dbeb1f00-b3d9-4a1b-9e14-4a51bb17ec90-768x638.jpg 768w, http:\/\/larock.com.es\/site\/wp-content\/uploads\/2018\/01\/dbeb1f00-b3d9-4a1b-9e14-4a51bb17ec90-1200x997.jpg 1200w, http:\/\/larock.com.es\/site\/wp-content\/uploads\/2018\/01\/dbeb1f00-b3d9-4a1b-9e14-4a51bb17ec90-900x748.jpg 900w, http:\/\/larock.com.es\/site\/wp-content\/uploads\/2018\/01\/dbeb1f00-b3d9-4a1b-9e14-4a51bb17ec90-400x332.jpg 400w\" alt=\"dbeb1f00-b3d9-4a1b-9e14-4a51bb17ec90\" width=\"600\" height=\"499\"><\/p>\n<p><strong>El programa que se llevar\u00e1 a cabo gracias a las aportaciones de los invitados a conciertos.<\/strong><\/p>\n<p><strong>\u00abAPRENDIENDO EL VOLUNTARIADO: CURAR Y CANTAR\u00bb <\/strong>es una iniciativa de la<strong>&nbsp;Plataforma del Voluntariado de Espa\u00f1a<\/strong>&nbsp;\u2013en colaboraci\u00f3n con la&nbsp;<strong>Fundaci\u00f3n LA Rock, presidida por Marcos Calvo<\/strong>\u2013 que pretende introducir el voluntariado en colegios e institutos.<\/p>\n<p>El proyecto est\u00e1 destinado a estudiantes de Secundaria y Bachillerato y su objetivo es&nbsp;<strong>darles a conocer la tarea voluntaria<\/strong>&nbsp;y sus \u00e1mbitos, as\u00ed como la realidad de los colectivos m\u00e1s vulnerables de nuestra sociedad. Y todo ello a trav\u00e9s de la m\u00fasica.<\/p>\n<p>Durante el programa se imparten&nbsp;<strong>talleres de sensibilizaci\u00f3n<\/strong>&nbsp;en los que el alumnado aprende aspectos b\u00e1sicos sobre la tarea solidaria, y<strong>&nbsp;talleres musicales dirigidos por m\u00fasicos y artistas profesionales.<\/strong>&nbsp;El objetivo final es realizar&nbsp;<strong>actuaciones musicales en hospitales de todo el Estado<\/strong>.<\/p>\n<p>LA Rock contribuye a este proyecto gracias a las&nbsp;<strong>aportaciones de todos los invitados a los conciertos que produce a lo largo del a\u00f1o<\/strong>. Con la cantidad de 5\u20ac por invitado podremos desarrollar el&nbsp;<strong>primer proyecto educativo que impulsa solidaridad, m\u00fasica y voluntariado en nuestro pa\u00eds.<\/strong>&nbsp;Si est\u00e1s invitado a uno de los conciertos de LA Rock, te enviaremos las indicaciones para recoger tu entrada en taquilla acompa\u00f1ada de un flyer con toda la informaci\u00f3n sobre el proyecto, y all\u00ed podr\u00e1s realizar tu donaci\u00f3n, que recibir\u00e1 la Plataforma del Voluntariado de Espa\u00f1a y que se destinar\u00e1 a&nbsp;<strong>APRENDIENDO EL VOLUNTARIADO: CURAR Y CANTAR<\/strong>.<\/p>\n<p>Queremos<strong>&nbsp;llevar la m\u00fasica y la solidaridad a pacientes de todos los hospitales de Espa\u00f1a<\/strong>. Ay\u00fadanos a construir la sociedad de ma\u00f1ana.<\/p>\n<p><strong>Puedes contactarnos para m\u00e1s informaci\u00f3n en:<\/strong><\/p>\n<p><strong>L.A. Rock Entertainment<\/strong><br \/>\ncomunicacion@larock.com.es<br \/>\n91 630 20 67<\/p>\n","protected":false},"excerpt":{"rendered":"<p>El programa que se llevar\u00e1 a cabo gracias a las aportaciones de los invitados a conciertos. \u00abAPRENDIENDO EL VOLUNTARIADO: CURAR Y CANTAR\u00bb es una iniciativa de la&nbsp;Plataforma del Voluntariado de Espa\u00f1a&nbsp;\u2013en colaboraci\u00f3n con la&nbsp;Fundaci\u00f3n LA Rock, presidida por Marcos Calvo\u2013 que pretende introducir el voluntariado en colegios e institutos. El proyecto est\u00e1 destinado a estudiantes [&hellip;]<\/p>\n","protected":false},"author":2,"featured_media":3371,"comment_status":"open","ping_status":"open","sticky":false,"template":"","format":"standard","meta":{"footnotes":""},"categories":[27],"tags":[114,48,43,42],"class_list":["post-882","post","type-post","status-publish","format-standard","has-post-thumbnail","hentry","category-noticias","tag-aprendiendo-el-voluntariado","tag-curar-y-cantar","tag-l-a-rock","tag-l-a-rock-entertainment"],"_links":{"self":[{"href":"https:\/\/larock.com.es\/site\/wp-json\/wp\/v2\/posts\/882","targetHints":{"allow":["GET"]}}],"collection":[{"href":"https:\/\/larock.com.es\/site\/wp-json\/wp\/v2\/posts"}],"about":[{"href":"https:\/\/larock.com.es\/site\/wp-json\/wp\/v2\/types\/post"}],"author":[{"embeddable":true,"href":"https:\/\/larock.com.es\/site\/wp-json\/wp\/v2\/users\/2"}],"replies":[{"embeddable":true,"href":"https:\/\/larock.com.es\/site\/wp-json\/wp\/v2\/comments?post=882"}],"version-history":[{"count":4,"href":"https:\/\/larock.com.es\/site\/wp-json\/wp\/v2\/posts\/882\/revisions"}],"predecessor-version":[{"id":3381,"href":"https:\/\/larock.com.es\/site\/wp-json\/wp\/v2\/posts\/882\/revisions\/3381"}],"wp:featuredmedia":[{"embeddable":true,"href":"https:\/\/larock.com.es\/site\/wp-json\/wp\/v2\/media\/3371"}],"wp:attachment":[{"href":"https:\/\/larock.com.es\/site\/wp-json\/wp\/v2\/media?parent=882"}],"wp:term":[{"taxonomy":"category","embeddable":true,"href":"https:\/\/larock.com.es\/site\/wp-json\/wp\/v2\/categories?post=882"},{"taxonomy":"post_tag","embeddable":true,"href":"https:\/\/larock.com.es\/site\/wp-json\/wp\/v2\/tags?post=882"}],"curies":[{"name":"wp","href":"https:\/\/api.w.org\/{rel}","templated":true}]}}