{"id":778,"date":"2017-05-24T12:52:27","date_gmt":"2017-05-24T12:52:27","guid":{"rendered":"http:\/\/larock.com.es\/site\/?p=778"},"modified":"2022-01-07T09:08:05","modified_gmt":"2022-01-07T09:08:05","slug":"programacion-matinal-umf-2017","status":"publish","type":"post","link":"https:\/\/larock.com.es\/site\/2017\/05\/24\/programacion-matinal-umf-2017\/","title":{"rendered":"PROGRAMACI\u00d3N MATINAL UMF 2017"},"content":{"rendered":"<p>Hoy sumamos a la programaci\u00f3n del <strong>UNIVERSAL MUSIC FESTIVAL<\/strong> <em>Las Ma\u00f1anas Ac\u00fasticas del Teatro Real<\/em> y el <em>UMF Campus<\/em>.<br \/>\nSer\u00e1 un ciclo de conciertos matinales y actividades de car\u00e1cter formativo de la mano del <a class=\"profileLink\" href=\"https:\/\/www.facebook.com\/SAEInstituteMadrid\/?fref=mentions\" data-hovercard=\"\/ajax\/hovercard\/page.php?id=193522147759593&amp;extragetparams=%7B%22fref%22%3A%22mentions%22%7D\" data-hovercard-prefer-more-content-show=\"1\" data-hovercard-obj-id=\"193522147759593\">SAE INSTITUTE SPAIN<\/a> y <a class=\"profileLink\" href=\"https:\/\/www.facebook.com\/BerkleeValencia\/?fref=mentions\" data-hovercard=\"\/ajax\/hovercard\/page.php?id=184807672878&amp;extragetparams=%7B%22fref%22%3A%22mentions%22%7D\" data-hovercard-prefer-more-content-show=\"1\" data-hovercard-obj-id=\"184807672878\">Berklee Valencia<\/a>.<\/p>\n<p>\u00a1Ma\u00f1ana a la venta!<\/p>\n<p><img loading=\"lazy\" decoding=\"async\" class=\"aligncenter size-full wp-image-780\" src=\"http:\/\/larock.com.es\/site\/wp-content\/uploads\/2017\/05\/18623229_10155077773880239_5468198405179511925_o-1.jpg\" alt=\"18623229_10155077773880239_5468198405179511925_o (1)\" width=\"480\" height=\"678\" srcset=\"https:\/\/larock.com.es\/site\/wp-content\/uploads\/2017\/05\/18623229_10155077773880239_5468198405179511925_o-1.jpg 480w, https:\/\/larock.com.es\/site\/wp-content\/uploads\/2017\/05\/18623229_10155077773880239_5468198405179511925_o-1-212x300.jpg 212w, https:\/\/larock.com.es\/site\/wp-content\/uploads\/2017\/05\/18623229_10155077773880239_5468198405179511925_o-1-400x565.jpg 400w\" sizes=\"auto, (max-width: 480px) 100vw, 480px\" \/><\/p>\n","protected":false},"excerpt":{"rendered":"<p>Hoy sumamos a la programaci\u00f3n del UNIVERSAL MUSIC FESTIVAL Las Ma\u00f1anas Ac\u00fasticas del Teatro Real y el UMF Campus. Ser\u00e1 un ciclo de conciertos matinales y actividades de car\u00e1cter formativo de la mano del SAE INSTITUTE SPAIN y Berklee Valencia. \u00a1Ma\u00f1ana a la venta!<\/p>\n","protected":false},"author":2,"featured_media":3372,"comment_status":"open","ping_status":"open","sticky":false,"template":"","format":"standard","meta":{"footnotes":""},"categories":[25],"tags":[43,42,45,115,106],"class_list":["post-778","post","type-post","status-publish","format-standard","has-post-thumbnail","hentry","category-festivales","tag-l-a-rock","tag-l-a-rock-entertainment","tag-teatro-real","tag-umf","tag-universal-music-festival"],"_links":{"self":[{"href":"https:\/\/larock.com.es\/site\/wp-json\/wp\/v2\/posts\/778","targetHints":{"allow":["GET"]}}],"collection":[{"href":"https:\/\/larock.com.es\/site\/wp-json\/wp\/v2\/posts"}],"about":[{"href":"https:\/\/larock.com.es\/site\/wp-json\/wp\/v2\/types\/post"}],"author":[{"embeddable":true,"href":"https:\/\/larock.com.es\/site\/wp-json\/wp\/v2\/users\/2"}],"replies":[{"embeddable":true,"href":"https:\/\/larock.com.es\/site\/wp-json\/wp\/v2\/comments?post=778"}],"version-history":[{"count":4,"href":"https:\/\/larock.com.es\/site\/wp-json\/wp\/v2\/posts\/778\/revisions"}],"predecessor-version":[{"id":3379,"href":"https:\/\/larock.com.es\/site\/wp-json\/wp\/v2\/posts\/778\/revisions\/3379"}],"wp:featuredmedia":[{"embeddable":true,"href":"https:\/\/larock.com.es\/site\/wp-json\/wp\/v2\/media\/3372"}],"wp:attachment":[{"href":"https:\/\/larock.com.es\/site\/wp-json\/wp\/v2\/media?parent=778"}],"wp:term":[{"taxonomy":"category","embeddable":true,"href":"https:\/\/larock.com.es\/site\/wp-json\/wp\/v2\/categories?post=778"},{"taxonomy":"post_tag","embeddable":true,"href":"https:\/\/larock.com.es\/site\/wp-json\/wp\/v2\/tags?post=778"}],"curies":[{"name":"wp","href":"https:\/\/api.w.org\/{rel}","templated":true}]}}