{"id":763,"date":"2017-04-18T12:58:19","date_gmt":"2017-04-18T12:58:19","guid":{"rendered":"http:\/\/larock.com.es\/site\/?p=763"},"modified":"2022-01-05T22:10:50","modified_gmt":"2022-01-05T22:10:50","slug":"vanesa-martin-en-salamanca","status":"publish","type":"post","link":"https:\/\/larock.com.es\/site\/2017\/04\/18\/vanesa-martin-en-salamanca\/","title":{"rendered":"VANESA MARTIN EN SALAMANCA"},"content":{"rendered":"<p>La conocida cantante incluir\u00e1 Salamanca dentro de su exitosa<strong> Gira Munay<\/strong> que pasa por los principales escenarios del pa\u00eds presentando su quinto \u00e1lbum de estudio. El pr\u00f3ximo 23 de septiembre <strong>Vanesa Mart\u00edn<\/strong> estar\u00e1 en Salamanca presentando su nueva Gira Munay en el espacio Multiusos S\u00e1nchez Para\u00edso.<\/p>\n<p>El quinto \u00e1lbum de estudio de Vanesa Mart\u00edn llega en un momento crucial en su trayectoria art\u00edstica, tras el importante giro que supuso hace dos a\u00f1os la publicaci\u00f3n de \u201cCr\u00f3nica de un baile\u201d, que le vali\u00f3 el primer disco de platino de su carrera. Munay es una palabra quechua que significa \u201camar\u201d y se utiliza para definir \u201cel amor del Creador por su creaci\u00f3n, el amor a la naturaleza, el amor a uno mismo y al otro\u2026\u201d y \u00e9ste ha sido el t\u00edtulo que Vanesa Mart\u00edn ha escogido para su esperado nuevo trabajo discogr\u00e1fico y tambi\u00e9n para darle nombre a su nueva gira. En la b\u00fasqueda de nuevos sonidos y nuevas experiencias que sumar a su propio estilo, Vanesa grab\u00f3 su nuevo disco en Los \u00c1ngeles, contando con la producci\u00f3n de Eric Rosse (Maroon 5, Sara Bareilles, Tori Amos\u2026). All\u00ed, rodeada de grandes m\u00fasicos dio forma a las canciones de su esperado nuevo disco.<\/p>\n<p>As\u00ed naci\u00f3 Munay. Su gira arranc\u00f3 el pasado mes de febrero y ya recorre las principales ciudades de nuestra geograf\u00eda agotando casi todos los conciertos, donde interpreta sus nuevas canciones y sus ya consagrados \u00e9xitos.<\/p>\n<p>Para su concierto del pr\u00f3ximo 23 de septiembre en Salamanca los \u00fanicos canales de venta ser\u00e1n ticketmaster.es , HalconViajes.com y L.A.Rock.com.es<\/p>\n<p>Para solicitar entrevistas, por favor, escriban un mail a mare.elizalde@33producciones.es<\/p>\n","protected":false},"excerpt":{"rendered":"<p>La conocida cantante incluir\u00e1 Salamanca dentro de su exitosa Gira Munay que pasa por los principales escenarios del pa\u00eds presentando su quinto \u00e1lbum de estudio. El pr\u00f3ximo 23 de septiembre Vanesa Mart\u00edn estar\u00e1 en Salamanca presentando su nueva Gira Munay en el espacio Multiusos S\u00e1nchez Para\u00edso. El quinto \u00e1lbum de estudio de Vanesa Mart\u00edn llega [&hellip;]<\/p>\n","protected":false},"author":2,"featured_media":3338,"comment_status":"open","ping_status":"open","sticky":false,"template":"","format":"standard","meta":{"footnotes":""},"categories":[24,27],"tags":[120,43,42,119],"class_list":["post-763","post","type-post","status-publish","format-standard","has-post-thumbnail","hentry","category-conciertos1","category-noticias","tag-gira-munay","tag-l-a-rock","tag-l-a-rock-entertainment","tag-vanesa-martin"],"_links":{"self":[{"href":"https:\/\/larock.com.es\/site\/wp-json\/wp\/v2\/posts\/763","targetHints":{"allow":["GET"]}}],"collection":[{"href":"https:\/\/larock.com.es\/site\/wp-json\/wp\/v2\/posts"}],"about":[{"href":"https:\/\/larock.com.es\/site\/wp-json\/wp\/v2\/types\/post"}],"author":[{"embeddable":true,"href":"https:\/\/larock.com.es\/site\/wp-json\/wp\/v2\/users\/2"}],"replies":[{"embeddable":true,"href":"https:\/\/larock.com.es\/site\/wp-json\/wp\/v2\/comments?post=763"}],"version-history":[{"count":3,"href":"https:\/\/larock.com.es\/site\/wp-json\/wp\/v2\/posts\/763\/revisions"}],"predecessor-version":[{"id":3339,"href":"https:\/\/larock.com.es\/site\/wp-json\/wp\/v2\/posts\/763\/revisions\/3339"}],"wp:featuredmedia":[{"embeddable":true,"href":"https:\/\/larock.com.es\/site\/wp-json\/wp\/v2\/media\/3338"}],"wp:attachment":[{"href":"https:\/\/larock.com.es\/site\/wp-json\/wp\/v2\/media?parent=763"}],"wp:term":[{"taxonomy":"category","embeddable":true,"href":"https:\/\/larock.com.es\/site\/wp-json\/wp\/v2\/categories?post=763"},{"taxonomy":"post_tag","embeddable":true,"href":"https:\/\/larock.com.es\/site\/wp-json\/wp\/v2\/tags?post=763"}],"curies":[{"name":"wp","href":"https:\/\/api.w.org\/{rel}","templated":true}]}}