{"id":6175,"date":"2026-04-24T10:14:19","date_gmt":"2026-04-24T10:14:19","guid":{"rendered":"https:\/\/larock.com.es\/site\/?p=6175"},"modified":"2026-04-24T10:16:27","modified_gmt":"2026-04-24T10:16:27","slug":"music-bank-2026-llega-a-barcelona-con-ateez-enhypen-nmixx-y-muchos-mas-referentes-del-k-pop","status":"publish","type":"post","link":"https:\/\/larock.com.es\/site\/2026\/04\/24\/music-bank-2026-llega-a-barcelona-con-ateez-enhypen-nmixx-y-muchos-mas-referentes-del-k-pop\/","title":{"rendered":"MUSIC BANK 2026 LLEGA A BARCELONA CON ATEEZ, ENHYPEN, NMIXX Y MUCHOS M\u00c1S REFERENTES DEL K-POP"},"content":{"rendered":"\n<p>El festival\u00a0<strong>Music Bank 2026<\/strong>\u00a0aterriza el pr\u00f3ximo <strong>12 de septiembre en el\u00a0Estadi Ol\u00edmpic Llu\u00eds Companys<\/strong>, convirtiendo Barcelona en el <strong>epicentro mundial del k-pop<\/strong>. El evento, impulsado por\u00a0Sonde3\u00a0y\u00a0L.A. Rock Entertainment\u00a0junto a\u00a0Korean Broadcasting Services, reunir\u00e1 a algunas de las <strong>figuras m\u00e1s influyentes del panorama actual<\/strong> en una jornada \u00fanica que se retransmitir\u00e1 a nivel global.<\/p>\n\n\n\n<p>El cartel estar\u00e1 encabezado por\u00a0<strong>ATEEZ\u00a0y\u00a0ENHYPEN<\/strong>, dos de los grupos m\u00e1s potentes de la nueva ola del g\u00e9nero, que llegan a Barcelona presentando sus \u00faltimos trabajos y consolidando su impacto internacional tras giras y \u00e9xitos globales. Junto a ellos,\u00a0<strong>NMIXX<\/strong>\u00a0regresan a Espa\u00f1a con su caracter\u00edstico estilo <strong>MIXX POP<\/strong>, mientras que\u00a0xikers,\u00a0<strong>NCT WISH\u00a0y\u00a0CORTIS<\/strong>\u00a0completan un line-up que refleja la diversidad y el crecimiento del k-pop a nivel global.<\/p>\n\n\n\n<p>La programaci\u00f3n se completa con\u00a0<strong>ALPHA DRIVE ONE<\/strong>, que aportar\u00e1n su energ\u00eda sobre el escenario, y el carism\u00e1tico\u00a0<strong>Park Bo-gum<\/strong>, uno de los presentadores m\u00e1s reconocidos de Corea del Sur y rostro habitual del formato Music Bank.<\/p>\n\n\n\n<p>Tras el \u00e9xito de ediciones anteriores en ciudades como Lisboa, y con el legado de haber contado con artistas de la talla de BTS, Stray Kids o Twice, esta nueva edici\u00f3n <strong>promete ser una de las m\u00e1s destacadas hasta la fecha<\/strong>, consolidando a Barcelona como parada clave en el circuito internacional del k-pop.<\/p>\n\n\n\n<p><strong>Entradas disponibles a partir de:<\/strong><\/p>\n\n\n\n<p><strong>PREVENTA: 5 de mayo, 12:00 h<br>VENTA GENERAL: 6 de mayo, 12:00 h<br>&#x1f449;&#x1f3fb; A trav\u00e9s de <a href=\"https:\/\/feverup.com\/m\/620462\" data-type=\"link\" data-id=\"https:\/\/feverup.com\/m\/620462\">este enlace<\/a>.  &#x1f39f;&#xfe0f;<\/strong><\/p>\n\n\n\n<hr class=\"wp-block-separator has-css-opacity\"\/>\n\n\n\n<figure class=\"wp-block-gallery aligncenter has-nested-images columns-default is-cropped wp-block-gallery-1 is-layout-flex wp-block-gallery-is-layout-flex\">\n<figure class=\"wp-block-image size-large\"><img loading=\"lazy\" decoding=\"async\" width=\"819\" height=\"1024\" data-id=\"6176\" src=\"https:\/\/larock.com.es\/site\/wp-content\/uploads\/2026\/04\/MB26-Cartel-Feed-1-819x1024.png\" alt=\"\" class=\"wp-image-6176\" srcset=\"https:\/\/larock.com.es\/site\/wp-content\/uploads\/2026\/04\/MB26-Cartel-Feed-1-819x1024.png 819w, https:\/\/larock.com.es\/site\/wp-content\/uploads\/2026\/04\/MB26-Cartel-Feed-1-240x300.png 240w, https:\/\/larock.com.es\/site\/wp-content\/uploads\/2026\/04\/MB26-Cartel-Feed-1-768x960.png 768w, https:\/\/larock.com.es\/site\/wp-content\/uploads\/2026\/04\/MB26-Cartel-Feed-1.png 1080w\" sizes=\"auto, (max-width: 819px) 100vw, 819px\" \/><\/figure>\n<\/figure>\n\n\n\n<p><\/p>\n","protected":false},"excerpt":{"rendered":"<p>Music Bank 2026 llega el 12 de septiembre al Estadi Ol\u00edmpic Llu\u00eds Companys con ATEEZ y ENHYPEN como protagonistas.<\/p>\n","protected":false},"author":2,"featured_media":6176,"comment_status":"closed","ping_status":"open","sticky":false,"template":"","format":"standard","meta":{"footnotes":""},"categories":[24,27],"tags":[865,218,864,219,867,860,861,859,863,862,866,224],"class_list":["post-6175","post","type-post","status-publish","format-standard","has-post-thumbnail","hentry","category-conciertos1","category-noticias","tag-alpha-drive-one","tag-ateez","tag-cortis","tag-enhypen","tag-estadi-olimpic-lluis-companys","tag-k-pop-barcelona","tag-k-pop-spain","tag-music-bank-2026","tag-nct-wish","tag-nmixx","tag-park-bo-gum","tag-xikers"],"_links":{"self":[{"href":"https:\/\/larock.com.es\/site\/wp-json\/wp\/v2\/posts\/6175","targetHints":{"allow":["GET"]}}],"collection":[{"href":"https:\/\/larock.com.es\/site\/wp-json\/wp\/v2\/posts"}],"about":[{"href":"https:\/\/larock.com.es\/site\/wp-json\/wp\/v2\/types\/post"}],"author":[{"embeddable":true,"href":"https:\/\/larock.com.es\/site\/wp-json\/wp\/v2\/users\/2"}],"replies":[{"embeddable":true,"href":"https:\/\/larock.com.es\/site\/wp-json\/wp\/v2\/comments?post=6175"}],"version-history":[{"count":3,"href":"https:\/\/larock.com.es\/site\/wp-json\/wp\/v2\/posts\/6175\/revisions"}],"predecessor-version":[{"id":6179,"href":"https:\/\/larock.com.es\/site\/wp-json\/wp\/v2\/posts\/6175\/revisions\/6179"}],"wp:featuredmedia":[{"embeddable":true,"href":"https:\/\/larock.com.es\/site\/wp-json\/wp\/v2\/media\/6176"}],"wp:attachment":[{"href":"https:\/\/larock.com.es\/site\/wp-json\/wp\/v2\/media?parent=6175"}],"wp:term":[{"taxonomy":"category","embeddable":true,"href":"https:\/\/larock.com.es\/site\/wp-json\/wp\/v2\/categories?post=6175"},{"taxonomy":"post_tag","embeddable":true,"href":"https:\/\/larock.com.es\/site\/wp-json\/wp\/v2\/tags?post=6175"}],"curies":[{"name":"wp","href":"https:\/\/api.w.org\/{rel}","templated":true}]}}