{"id":5634,"date":"2025-09-18T09:59:38","date_gmt":"2025-09-18T09:59:38","guid":{"rendered":"https:\/\/larock.com.es\/site\/?p=5634"},"modified":"2025-11-11T15:06:01","modified_gmt":"2025-11-11T15:06:01","slug":"mi-primer-festival-regresa-a-madrid-en-navidad-con-los-personajes-televisivos-favoritos-de-los-mas-pequenos-de-la-casa","status":"publish","type":"post","link":"https:\/\/larock.com.es\/site\/2025\/09\/18\/mi-primer-festival-regresa-a-madrid-en-navidad-con-los-personajes-televisivos-favoritos-de-los-mas-pequenos-de-la-casa\/","title":{"rendered":"MI PRIMER FESTIVAL REGRESA A MADRID EN NAVIDAD CON LOS PERSONAJES TELEVISIVOS FAVORITOS DE LOS M\u00c1S PEQUE\u00d1OS DE LA CASA"},"content":{"rendered":"\n<p><strong>\u00a1Peppa Pig! \u00a1My Little Pony! \u00a1LOL Surprises! \u00a1Pocoy\u00f3! \u00a1Masha y El Oso! \u00a1Sim\u00f3n!\u2026 acompa\u00f1ar\u00e1n a un divertido Pap\u00e1 Noel en el espect\u00e1culo familiar del a\u00f1o.<br>El Palacio Municipal de Ifema Madrid acoger\u00e1 el evento el pr\u00f3ximo s\u00e1bado 20 de Diciembre.<br>Las entradas estar\u00e1n a la venta desde el 18 de septiembre a las 12h. a trav\u00e9s de entradas.com.<\/strong><\/p>\n\n\n\n<p>Tras su primera y exitosa edici\u00f3n en Estadio Metropolitano, Mi Primer Festival regresa con un nuevo formato de Teatros.<\/p>\n\n\n\n<p>El pr\u00f3ximo<strong> 20 de Diciembre en el Palacio Municipal de Ifema Madrid<\/strong> los \u00eddolos televisivos de los reyes de la casa cobrar\u00e1n vida en un espect\u00e1culo m\u00e1gico entono a la Navidad. <strong>Pap\u00e1 Noel <\/strong>vivir\u00e1 aventuras inolvidables junto a <strong>\u00a1Peppa Pig! \u00a1My Little Pony! \u00a1LOL Surprises! \u00a1Pocoy\u00f3! \u00a1Masha y El Oso! \u00a1Sim\u00f3n! <\/strong>y otros personajes como la divertid\u00edsima banda musical de elfos<strong>.<\/strong> Las risas, las canciones y los bailes har\u00e1n de este espect\u00e1culo <strong>el evento familiar del a\u00f1o.<\/strong><\/p>\n\n\n\n<p><strong>Las entradas estar\u00e1n disponibles el 18 de Septiembre a partir de las 12h. en el canal de venta oficial: entradas.com<\/strong><\/p>\n\n\n\n<div class=\"wp-block-file\"><a href=\"https:\/\/larock.com.es\/site\/wp-content\/uploads\/2025\/11\/BASES-LEGALES-SORTEO-2.pdf\">Bases del sorteo &#8211; Concurso M&amp;G personajes 2025<\/a><a href=\"https:\/\/larock.com.es\/site\/wp-content\/uploads\/2025\/11\/BASES-LEGALES-SORTEO-2.pdf\" class=\"wp-block-file__button\" download>Descarga<\/a><\/div>\n\n\n\n<div class=\"wp-block-buttons is-layout-flex wp-block-buttons-is-layout-flex\">\n<div class=\"wp-block-button\"><a class=\"wp-block-button__link\" href=\"https:\/\/www.entradas.com\/artist\/mi-primer-festival\/mi-primer-festival-madrid-3970664\/?affiliate=ZRO\" target=\"_blank\" rel=\"noreferrer noopener\">ENTRADAS A LA VENTA<\/a><\/div>\n<\/div>\n\n\n\n<figure class=\"wp-block-gallery aligncenter columns-1 is-cropped wp-block-gallery-1 is-layout-flex wp-block-gallery-is-layout-flex\"><ul class=\"blocks-gallery-grid\"><li class=\"blocks-gallery-item\"><figure><img loading=\"lazy\" decoding=\"async\" width=\"819\" height=\"1024\" src=\"https:\/\/larock.com.es\/site\/wp-content\/uploads\/2025\/09\/M1F-ANUNCIO-1080x1350px-819x1024.jpg\" alt=\"\" data-id=\"5635\" data-full-url=\"https:\/\/larock.com.es\/site\/wp-content\/uploads\/2025\/09\/M1F-ANUNCIO-1080x1350px.jpg\" data-link=\"https:\/\/larock.com.es\/site\/?attachment_id=5635\" class=\"wp-image-5635\" srcset=\"https:\/\/larock.com.es\/site\/wp-content\/uploads\/2025\/09\/M1F-ANUNCIO-1080x1350px-819x1024.jpg 819w, https:\/\/larock.com.es\/site\/wp-content\/uploads\/2025\/09\/M1F-ANUNCIO-1080x1350px-240x300.jpg 240w, https:\/\/larock.com.es\/site\/wp-content\/uploads\/2025\/09\/M1F-ANUNCIO-1080x1350px-768x960.jpg 768w, https:\/\/larock.com.es\/site\/wp-content\/uploads\/2025\/09\/M1F-ANUNCIO-1080x1350px.jpg 1080w\" sizes=\"auto, (max-width: 819px) 100vw, 819px\" \/><\/figure><\/li><\/ul><\/figure>\n\n\n\n<p><strong>Entradas ya disponible en <a href=\"https:\/\/www.entradas.com\/artist\/mi-primer-festival\/?affiliate=ZRO\">entradas.com<\/a><\/strong><\/p>\n\n\n\n<p><\/p>\n\n\n\n<p><\/p>\n\n\n\n<p><\/p>\n","protected":false},"excerpt":{"rendered":"<p>\u00a1Peppa Pig! \u00a1My Little Pony! \u00a1LOL Surprises! \u00a1Pocoy\u00f3! \u00a1Masha y El Oso! \u00a1Sim\u00f3n!\u2026 acompa\u00f1ar\u00e1n a un divertido Pap\u00e1 Noel en el espect\u00e1culo familiar del a\u00f1o.El Palacio Municipal de Ifema Madrid acoger\u00e1 el evento el pr\u00f3ximo s\u00e1bado 20 de Diciembre.Las entradas estar\u00e1n a la venta desde el 18 de septiembre a las 12h. a trav\u00e9s de [&hellip;]<\/p>\n","protected":false},"author":2,"featured_media":5635,"comment_status":"closed","ping_status":"open","sticky":false,"template":"","format":"standard","meta":{"footnotes":""},"categories":[25,27],"tags":[275,175,408,278],"class_list":["post-5634","post","type-post","status-publish","format-standard","has-post-thumbnail","hentry","category-festivales","category-noticias","tag-conciertos-en-madrid","tag-mi-primer-festival","tag-navidad-en-familia","tag-planes-en-familia"],"_links":{"self":[{"href":"https:\/\/larock.com.es\/site\/wp-json\/wp\/v2\/posts\/5634","targetHints":{"allow":["GET"]}}],"collection":[{"href":"https:\/\/larock.com.es\/site\/wp-json\/wp\/v2\/posts"}],"about":[{"href":"https:\/\/larock.com.es\/site\/wp-json\/wp\/v2\/types\/post"}],"author":[{"embeddable":true,"href":"https:\/\/larock.com.es\/site\/wp-json\/wp\/v2\/users\/2"}],"replies":[{"embeddable":true,"href":"https:\/\/larock.com.es\/site\/wp-json\/wp\/v2\/comments?post=5634"}],"version-history":[{"count":5,"href":"https:\/\/larock.com.es\/site\/wp-json\/wp\/v2\/posts\/5634\/revisions"}],"predecessor-version":[{"id":5714,"href":"https:\/\/larock.com.es\/site\/wp-json\/wp\/v2\/posts\/5634\/revisions\/5714"}],"wp:featuredmedia":[{"embeddable":true,"href":"https:\/\/larock.com.es\/site\/wp-json\/wp\/v2\/media\/5635"}],"wp:attachment":[{"href":"https:\/\/larock.com.es\/site\/wp-json\/wp\/v2\/media?parent=5634"}],"wp:term":[{"taxonomy":"category","embeddable":true,"href":"https:\/\/larock.com.es\/site\/wp-json\/wp\/v2\/categories?post=5634"},{"taxonomy":"post_tag","embeddable":true,"href":"https:\/\/larock.com.es\/site\/wp-json\/wp\/v2\/tags?post=5634"}],"curies":[{"name":"wp","href":"https:\/\/api.w.org\/{rel}","templated":true}]}}