{"id":5588,"date":"2025-08-18T11:52:50","date_gmt":"2025-08-18T11:52:50","guid":{"rendered":"https:\/\/larock.com.es\/site\/?p=5588"},"modified":"2025-08-26T14:26:24","modified_gmt":"2025-08-26T14:26:24","slug":"satisfaxion-conquista-marenostrum-fuengirola-en-una-noche-historica-con-carl-cox","status":"publish","type":"post","link":"https:\/\/larock.com.es\/site\/2025\/08\/18\/satisfaxion-conquista-marenostrum-fuengirola-en-una-noche-historica-con-carl-cox\/","title":{"rendered":"Satisfaxion conquista Marenostrum Fuengirola en una noche hist\u00f3rica con Carl Cox"},"content":{"rendered":"\n<h4 class=\"wp-block-heading\"><em><strong>La marca referente de m\u00fasica electr\u00f3nica en Andaluc\u00eda, Satisfaxion, celebra su 32 aniversario con Art no Logia, Anna Tour, Paco Osuna, Carl Cox y Ben Sims<\/strong><\/em>.<\/h4>\n\n\n\n<p><strong>Fuengirola, 17 de agosto de 2025 &#8211; <\/strong>Marenostrum Fuengirola volvi\u00f3 a convertirse en el epicentro de la m\u00fasica electr\u00f3nica con una velada inolvidable que reuni\u00f3 a los artistas Art no Logia, Anna Tour, Paco Osuna, Carl Cox y Ben Sims en el Escenario Unicaja en una velada marcada por el talento, la energ\u00eda y la diversidad sonora de un cartel de primer nivel.<\/p>\n\n\n\n<p><\/p>\n\n\n\n<p>La apertura del evento estuvo a cargo de&nbsp;Art No Logia, que puso en marcha la maquinaria de la noche con un set fresco y en\u00e9rgico, preparando el ambiente para lo que ser\u00eda una aut\u00e9ntica marat\u00f3n electr\u00f3nica. Le sigui\u00f3 la inconfundible&nbsp;Anna Tur, quien con su personalidad musical cautiv\u00f3 al p\u00fablico y cre\u00f3 una atm\u00f3sfera llena de conexi\u00f3n que se respiraba en todo el recinto.<\/p>\n\n\n\n<figure class=\"wp-block-gallery aligncenter columns-1 is-cropped wp-block-gallery-1 is-layout-flex wp-block-gallery-is-layout-flex\"><ul class=\"blocks-gallery-grid\"><li class=\"blocks-gallery-item\"><figure><img loading=\"lazy\" decoding=\"async\" width=\"1024\" height=\"683\" src=\"http:\/\/larock.com.es\/site\/wp-content\/uploads\/2025\/08\/0M3A6926-1-1-1024x683.jpg\" alt=\"\" data-id=\"5590\" data-full-url=\"http:\/\/larock.com.es\/site\/wp-content\/uploads\/2025\/08\/0M3A6926-1-1-scaled.jpg\" data-link=\"https:\/\/larock.com.es\/site\/?attachment_id=5590\" class=\"wp-image-5590\" srcset=\"https:\/\/larock.com.es\/site\/wp-content\/uploads\/2025\/08\/0M3A6926-1-1-1024x683.jpg 1024w, https:\/\/larock.com.es\/site\/wp-content\/uploads\/2025\/08\/0M3A6926-1-1-300x200.jpg 300w, https:\/\/larock.com.es\/site\/wp-content\/uploads\/2025\/08\/0M3A6926-1-1-768x512.jpg 768w, https:\/\/larock.com.es\/site\/wp-content\/uploads\/2025\/08\/0M3A6926-1-1-1536x1025.jpg 1536w, https:\/\/larock.com.es\/site\/wp-content\/uploads\/2025\/08\/0M3A6926-1-1-2048x1366.jpg 2048w, https:\/\/larock.com.es\/site\/wp-content\/uploads\/2025\/08\/0M3A6926-1-1-1500x1000.jpg 1500w, https:\/\/larock.com.es\/site\/wp-content\/uploads\/2025\/08\/0M3A6926-1-1-272x182.jpg 272w\" sizes=\"auto, (max-width: 1024px) 100vw, 1024px\" \/><\/figure><\/li><\/ul><\/figure>\n\n\n\n<p><\/p>\n\n\n\n<p><strong>La intensidad subi\u00f3 de nivel con la llegada de&nbsp;Paco Osuna, uno de los Djs m\u00e1s aclamados de la escena nacional e internacional. Con una sesi\u00f3n impecable, cargada de groove y contundencia, Osuna hizo bailar sin descanso a una multitud que vibraba al ritmo de sus beats. Su actuaci\u00f3n fue el pr\u00f3logo perfecto para recibir al gran maestro de la noche<\/strong>.<\/p>\n\n\n\n<p>El turno de&nbsp;Carl Cox&nbsp;marc\u00f3 el momento culminante. El brit\u00e1nico ofreci\u00f3 un set memorable que confirm\u00f3 por qu\u00e9 sigue siendo considerado una aut\u00e9ntica leyenda viva de la m\u00fasica electr\u00f3nica. Durante dos horas, despleg\u00f3 todo su carisma y experiencia para llevar al p\u00fablico a un viaje sonoro apote\u00f3sico que hizo historia en Fuengirola. Cada transici\u00f3n, cada drop y cada gesto suyo desat\u00f3 una ovaci\u00f3n multitudinaria que convirti\u00f3 su actuaci\u00f3n en la m\u00e1s recordada de la velada.<\/p>\n\n\n\n<p>Tras el hurac\u00e1n de Carl Cox, la responsabilidad de mantener la energ\u00eda hasta el final recay\u00f3 en&nbsp;Ben Sims, quien cerr\u00f3 con maestr\u00eda una noche \u00e9pica con un techno arrollador que mantuvo a los asistentes entregados hasta su \u00faltima mezcla.<\/p>\n\n\n\n<figure class=\"wp-block-image size-large\"><img loading=\"lazy\" decoding=\"async\" width=\"792\" height=\"1024\" src=\"https:\/\/larock.com.es\/site\/wp-content\/uploads\/2025\/08\/0M3A6843-792x1024.jpg\" alt=\"\" class=\"wp-image-5591\" srcset=\"https:\/\/larock.com.es\/site\/wp-content\/uploads\/2025\/08\/0M3A6843-792x1024.jpg 792w, https:\/\/larock.com.es\/site\/wp-content\/uploads\/2025\/08\/0M3A6843-232x300.jpg 232w, https:\/\/larock.com.es\/site\/wp-content\/uploads\/2025\/08\/0M3A6843-768x994.jpg 768w, https:\/\/larock.com.es\/site\/wp-content\/uploads\/2025\/08\/0M3A6843-1187x1536.jpg 1187w, https:\/\/larock.com.es\/site\/wp-content\/uploads\/2025\/08\/0M3A6843.jpg 1583w\" sizes=\"auto, (max-width: 792px) 100vw, 792px\" \/><\/figure>\n\n\n\n<p>Este evento se enmarca en la celebraci\u00f3n del&nbsp;32\u00ba aniversario de la marca Satisfaxion, que en 2025 ha vuelto a traer a la Costa del Sol a algunos de los artistas m\u00e1s destacados del panorama electr\u00f3nico internacional. Con m\u00e1s de tres d\u00e9cadas de historia, el pasado 26 de julio congregaron 15.000 personas con Prodigy como cabeza de cartel, reafirmando as\u00ed, una vez m\u00e1s, su papel como referente en la industria y su compromiso con un p\u00fablico fiel que sigue creciendo generaci\u00f3n tras generaci\u00f3n.<\/p>\n\n\n\n<p>Marenostrum Fuengirola&nbsp;se ha consolidado como un espacio de referencia, combinando un entorno privilegiado junto al Mediterr\u00e1neo, una producci\u00f3n de primer nivel y un cartel de artistas de talla internacional que hicieron de la noche del 16 de agosto de 2025 una fecha imborrable<\/p>\n\n\n\n<div class=\"wp-block-image\"><figure class=\"aligncenter size-large\"><img loading=\"lazy\" decoding=\"async\" width=\"683\" height=\"1024\" src=\"https:\/\/larock.com.es\/site\/wp-content\/uploads\/2025\/08\/0M3A7481-683x1024.jpg\" alt=\"\" class=\"wp-image-5593\" srcset=\"https:\/\/larock.com.es\/site\/wp-content\/uploads\/2025\/08\/0M3A7481-683x1024.jpg 683w, https:\/\/larock.com.es\/site\/wp-content\/uploads\/2025\/08\/0M3A7481-200x300.jpg 200w, https:\/\/larock.com.es\/site\/wp-content\/uploads\/2025\/08\/0M3A7481-768x1151.jpg 768w, https:\/\/larock.com.es\/site\/wp-content\/uploads\/2025\/08\/0M3A7481-1025x1536.jpg 1025w, https:\/\/larock.com.es\/site\/wp-content\/uploads\/2025\/08\/0M3A7481.jpg 1366w\" sizes=\"auto, (max-width: 683px) 100vw, 683px\" \/><\/figure><\/div>\n","protected":false},"excerpt":{"rendered":"<p>El 16 de agosto, la leyenda viva de la m\u00fasica electr\u00f3nica celebra una noche hist\u00f3rica en el d\u00e9cimo aniversario de Marenostrum, con un cartel de culto firmado por Satisfaxion.<\/p>\n","protected":false},"author":2,"featured_media":5594,"comment_status":"closed","ping_status":"open","sticky":false,"template":"","format":"standard","meta":{"footnotes":""},"categories":[27],"tags":[403,404,386,399,172,36,402,387],"class_list":["post-5588","post","type-post","status-publish","format-standard","has-post-thumbnail","hentry","category-noticias","tag-anna-tur","tag-art-no-logia","tag-carlcox","tag-electronica","tag-fuengirola","tag-marenostrum","tag-paco-osuna","tag-satisfaxion"],"_links":{"self":[{"href":"https:\/\/larock.com.es\/site\/wp-json\/wp\/v2\/posts\/5588","targetHints":{"allow":["GET"]}}],"collection":[{"href":"https:\/\/larock.com.es\/site\/wp-json\/wp\/v2\/posts"}],"about":[{"href":"https:\/\/larock.com.es\/site\/wp-json\/wp\/v2\/types\/post"}],"author":[{"embeddable":true,"href":"https:\/\/larock.com.es\/site\/wp-json\/wp\/v2\/users\/2"}],"replies":[{"embeddable":true,"href":"https:\/\/larock.com.es\/site\/wp-json\/wp\/v2\/comments?post=5588"}],"version-history":[{"count":5,"href":"https:\/\/larock.com.es\/site\/wp-json\/wp\/v2\/posts\/5588\/revisions"}],"predecessor-version":[{"id":5615,"href":"https:\/\/larock.com.es\/site\/wp-json\/wp\/v2\/posts\/5588\/revisions\/5615"}],"wp:featuredmedia":[{"embeddable":true,"href":"https:\/\/larock.com.es\/site\/wp-json\/wp\/v2\/media\/5594"}],"wp:attachment":[{"href":"https:\/\/larock.com.es\/site\/wp-json\/wp\/v2\/media?parent=5588"}],"wp:term":[{"taxonomy":"category","embeddable":true,"href":"https:\/\/larock.com.es\/site\/wp-json\/wp\/v2\/categories?post=5588"},{"taxonomy":"post_tag","embeddable":true,"href":"https:\/\/larock.com.es\/site\/wp-json\/wp\/v2\/tags?post=5588"}],"curies":[{"name":"wp","href":"https:\/\/api.w.org\/{rel}","templated":true}]}}