{"id":5541,"date":"2025-08-04T13:00:26","date_gmt":"2025-08-04T13:00:26","guid":{"rendered":"http:\/\/larock.com.es\/site\/?p=5541"},"modified":"2025-08-04T14:11:42","modified_gmt":"2025-08-04T14:11:42","slug":"vuelve-rock-the-night-el-espectaculo-mas-epico-del-rock","status":"publish","type":"post","link":"https:\/\/larock.com.es\/site\/2025\/08\/04\/vuelve-rock-the-night-el-espectaculo-mas-epico-del-rock\/","title":{"rendered":"\u00a1Vuelve Rock The Night el espect\u00e1culo m\u00e1s \u00e9pico del rock!"},"content":{"rendered":"\n<p>Noviembre ser\u00e1 el mes epicentro del rock con el esperado espect\u00e1culo \u00abROCK THE NIGHT\u00bb Este evento, que promete ser la fiesta m\u00e1s \u00e9pica del a\u00f1o, ser\u00e1 una explosi\u00f3n de adrenalina y pasi\u00f3n por la m\u00fasica que no te querr\u00e1s perder. De la mano de Rock fm y Dos noches, el 8 de noviembre en Pamplona y el 22 en Madrid en Las Ventas. <\/p>\n\n\n\n<p>El evento contar\u00e1 con la presencia de una brutal y en\u00e9rgica banda de rock en vivo, creando una fusi\u00f3n \u00fanica de sonidos que te har\u00e1 vibrar hasta el \u00faltimo acorde y algunas sorpresas m\u00e1s. Acomp\u00e1\u00f1anos en un viaje desde The Cavern en Liverpool hasta Whisky a Go Go en Los \u00c1ngeles, desde el estadio de Wembley hasta Woodstock.<\/p>\n\n\n\n<p>Recorreremos clubes abarrotados, grandes festivales y las noches locas del Strip de Hollywood. Disfruta de una noche con Queen, Bon Jovi, The Beatles, AC\/DC, Metallica, The Who, Van Halen, The Rolling Stones, Jimi Hendrix, Led Zeppelin, Whitesnake, Nirvana, Pink Floyd, y MUCHOS m\u00e1s, en la fiesta m\u00e1s salvaje.<\/p>\n\n\n\n<p>Dirigido por Danny Gomez, producido por L.A. Rock y TOXIC PROD., y con el apoyo de RockFM y La Plataforma del Voluntariado de Espa\u00f1a gracias a la ayuda del Ministerio de Derechos Sociales y Agenda 2030. La emoci\u00f3n y la energ\u00eda estar\u00e1n garantizadas. \u00abROCK THE NIGHT\u00bb te ofrecer\u00e1 un espect\u00e1culo inolvidable con cl\u00e1sicos atemporales y arreglos impresionantes. Cada himno legendario ha sido cuidadosamente seleccionado para mantenerte inmerso y emocionado durante toda la noche.<\/p>\n\n\n\n<h4 class=\"wp-block-heading\">PAMPLONA \u00b7 8 NOV | SALA ZENTRAL<\/h4>\n\n\n\n<p>Link de venta: <strong><a href=\"https:\/\/www.zentralpamplona.com\/es\/agenda\/rock-night\">zentral<\/a><\/strong><\/p>\n\n\n\n<h4 class=\"wp-block-heading\">MADRID \u00b7 22 NOV | LIVE LAS VENTAS<\/h4>\n\n\n\n<p>Link de venta: <a href=\"https:\/\/www.ticketmaster.es\/event\/rock-the-night-the-party-entradas\/1789987275\">ticketmaster.es<\/a><\/p>\n\n\n\n<figure class=\"wp-block-gallery aligncenter columns-2 is-cropped wp-block-gallery-1 is-layout-flex wp-block-gallery-is-layout-flex\"><ul class=\"blocks-gallery-grid\"><li class=\"blocks-gallery-item\"><figure><img loading=\"lazy\" decoding=\"async\" width=\"1024\" height=\"1024\" src=\"http:\/\/larock.com.es\/site\/wp-content\/uploads\/2025\/08\/image-1024x1024.jpeg\" alt=\"\" data-id=\"5542\" data-full-url=\"http:\/\/larock.com.es\/site\/wp-content\/uploads\/2025\/08\/image.jpeg\" data-link=\"http:\/\/larock.com.es\/site\/?attachment_id=5542\" class=\"wp-image-5542\" srcset=\"https:\/\/larock.com.es\/site\/wp-content\/uploads\/2025\/08\/image.jpeg 1024w, https:\/\/larock.com.es\/site\/wp-content\/uploads\/2025\/08\/image-300x300.jpeg 300w, https:\/\/larock.com.es\/site\/wp-content\/uploads\/2025\/08\/image-150x150.jpeg 150w, https:\/\/larock.com.es\/site\/wp-content\/uploads\/2025\/08\/image-768x768.jpeg 768w\" sizes=\"auto, (max-width: 1024px) 100vw, 1024px\" \/><\/figure><\/li><li class=\"blocks-gallery-item\"><figure><img loading=\"lazy\" decoding=\"async\" width=\"819\" height=\"1024\" src=\"http:\/\/larock.com.es\/site\/wp-content\/uploads\/2025\/07\/FEED_1080x1350px-819x1024.jpg\" alt=\"\" data-id=\"5473\" data-full-url=\"http:\/\/larock.com.es\/site\/wp-content\/uploads\/2025\/07\/FEED_1080x1350px.jpg\" data-link=\"http:\/\/larock.com.es\/site\/?attachment_id=5473\" class=\"wp-image-5473\" srcset=\"https:\/\/larock.com.es\/site\/wp-content\/uploads\/2025\/07\/FEED_1080x1350px-819x1024.jpg 819w, https:\/\/larock.com.es\/site\/wp-content\/uploads\/2025\/07\/FEED_1080x1350px-240x300.jpg 240w, https:\/\/larock.com.es\/site\/wp-content\/uploads\/2025\/07\/FEED_1080x1350px-768x960.jpg 768w, https:\/\/larock.com.es\/site\/wp-content\/uploads\/2025\/07\/FEED_1080x1350px.jpg 1080w\" sizes=\"auto, (max-width: 819px) 100vw, 819px\" \/><\/figure><\/li><\/ul><\/figure>\n\n\n\n<figure class=\"wp-block-gallery aligncenter columns-0 is-cropped wp-block-gallery-2 is-layout-flex wp-block-gallery-is-layout-flex\"><ul class=\"blocks-gallery-grid\"><\/ul><\/figure>\n\n\n\n<figure class=\"wp-block-gallery columns-0 is-cropped wp-block-gallery-3 is-layout-flex wp-block-gallery-is-layout-flex\"><ul class=\"blocks-gallery-grid\"><\/ul><\/figure>\n","protected":false},"excerpt":{"rendered":"<p>Tras colgar el cartel de entradas agotadas en Madrid en 2024,<br \/>\nllega una nueva edici\u00f3n que har\u00e1 paradas en Madrid y Pamplona.<\/p>\n","protected":false},"author":2,"featured_media":5473,"comment_status":"closed","ping_status":"open","sticky":false,"template":"","format":"standard","meta":{"footnotes":""},"categories":[27],"tags":[396,237,395,58,329,398,394,397],"class_list":["post-5541","post","type-post","status-publish","format-standard","has-post-thumbnail","hentry","category-noticias","tag-bon-jovi","tag-live-las-ventas","tag-pamplona","tag-queen","tag-rock","tag-rock-and-roll","tag-rock-the-night","tag-sala-zentral"],"_links":{"self":[{"href":"https:\/\/larock.com.es\/site\/wp-json\/wp\/v2\/posts\/5541","targetHints":{"allow":["GET"]}}],"collection":[{"href":"https:\/\/larock.com.es\/site\/wp-json\/wp\/v2\/posts"}],"about":[{"href":"https:\/\/larock.com.es\/site\/wp-json\/wp\/v2\/types\/post"}],"author":[{"embeddable":true,"href":"https:\/\/larock.com.es\/site\/wp-json\/wp\/v2\/users\/2"}],"replies":[{"embeddable":true,"href":"https:\/\/larock.com.es\/site\/wp-json\/wp\/v2\/comments?post=5541"}],"version-history":[{"count":5,"href":"https:\/\/larock.com.es\/site\/wp-json\/wp\/v2\/posts\/5541\/revisions"}],"predecessor-version":[{"id":5559,"href":"https:\/\/larock.com.es\/site\/wp-json\/wp\/v2\/posts\/5541\/revisions\/5559"}],"wp:featuredmedia":[{"embeddable":true,"href":"https:\/\/larock.com.es\/site\/wp-json\/wp\/v2\/media\/5473"}],"wp:attachment":[{"href":"https:\/\/larock.com.es\/site\/wp-json\/wp\/v2\/media?parent=5541"}],"wp:term":[{"taxonomy":"category","embeddable":true,"href":"https:\/\/larock.com.es\/site\/wp-json\/wp\/v2\/categories?post=5541"},{"taxonomy":"post_tag","embeddable":true,"href":"https:\/\/larock.com.es\/site\/wp-json\/wp\/v2\/tags?post=5541"}],"curies":[{"name":"wp","href":"https:\/\/api.w.org\/{rel}","templated":true}]}}