{"id":5392,"date":"2025-07-11T08:15:04","date_gmt":"2025-07-11T08:15:04","guid":{"rendered":"https:\/\/larock.com.es\/site\/?p=5392"},"modified":"2025-07-16T16:07:04","modified_gmt":"2025-07-16T16:07:04","slug":"silvestre-dangond-cuelga-el-sold-out-en-el-movistar-arena-de-madrid","status":"publish","type":"post","link":"https:\/\/larock.com.es\/site\/2025\/07\/11\/silvestre-dangond-cuelga-el-sold-out-en-el-movistar-arena-de-madrid\/","title":{"rendered":"SILVESTRE DANGOND CUELGA EL SOLD OUT EN EL MOVISTAR ARENA DE MADRID."},"content":{"rendered":"\n<pre class=\"wp-block-verse\">El colombiano arrasa en su concierto en Madrid para el que ya no hay entradas.<br>Silvestre Dangond es una de las mayores estrellas internacionales del vallenato, siendo una figura indispensable en el \u00e9xito de este g\u00e9nero a nivel global.<\/pre>\n\n\n\n<figure class=\"wp-block-image size-large is-resized\"><img loading=\"lazy\" decoding=\"async\" src=\"https:\/\/larock.com.es\/site\/wp-content\/uploads\/2025\/07\/SD-MAD-1080x1350-POST-IG-dial-819x1024.jpg\" alt=\"SIlVESTRE DANGOND SOLDO OUT\" class=\"wp-image-5393\" width=\"410\" height=\"512\" srcset=\"https:\/\/larock.com.es\/site\/wp-content\/uploads\/2025\/07\/SD-MAD-1080x1350-POST-IG-dial-819x1024.jpg 819w, https:\/\/larock.com.es\/site\/wp-content\/uploads\/2025\/07\/SD-MAD-1080x1350-POST-IG-dial-240x300.jpg 240w, https:\/\/larock.com.es\/site\/wp-content\/uploads\/2025\/07\/SD-MAD-1080x1350-POST-IG-dial-768x960.jpg 768w, https:\/\/larock.com.es\/site\/wp-content\/uploads\/2025\/07\/SD-MAD-1080x1350-POST-IG-dial.jpg 1080w\" sizes=\"auto, (max-width: 410px) 100vw, 410px\" \/><\/figure>\n\n\n\n<p>El compositor y cantante colombiano Silvestre Dangond, agota todas las localidades a la venta en el Movistar Arena de Madrid. Con una dilatada y premiada trayectoria, se ha convertido en una de las mayores estrellas globales de los \u00faltimos a\u00f1os debido a su habilidad para mezclar m\u00fasica folcl\u00f3rica con tendencias actuales, siendo, adem\u00e1s,<br>una de las figuras claves del \u00e9xito del g\u00e9nero vallenato a nivel mundial.<\/p>\n\n\n\n<p><br>Con m\u00e1s de una docena de \u00e1lbumes en su haber, el colombiano, nacido en Urumita, ha alcanzado varias veces el cu\u00e1druple platino con varios trabajos y ha logrado 3 Premios Latin Grammy al Mejor \u00c1lbum de Cumbia \/ Vallenato, un Premio Lo Nuestro y un ASCAP. Su \u00e9xito \u00abC\u00e1sate Conmigo\u00bb con Nicky Jam alcanz\u00f3 el n\u00famero #1 en las principales radios estadounidenses. Otras colaboraciones con artistas de la talla de Natti Natasha, Maluma o Carlos Vives tambi\u00e9n se mantuvieron en el top de las radios internacionales.<br>Con semejante carrera que no para de crecer, Dangond se ha posicionado como uno de los artistas latinos m\u00e1s importantes del mundo.<\/p>\n","protected":false},"excerpt":{"rendered":"<p>El colombiano arrasa en su concierto en Madrid para el que ya no hay entradas.<br \/>\nSilvestre Dangond es una de las mayores estrellas internacionales del vallenato, siendo una figura indispensable en el \u00e9xito de este g\u00e9nero a nivel global.<\/p>\n","protected":false},"author":2,"featured_media":5393,"comment_status":"closed","ping_status":"open","sticky":false,"template":"","format":"standard","meta":{"footnotes":""},"categories":[24,27],"tags":[275,339,52],"class_list":["post-5392","post","type-post","status-publish","format-standard","has-post-thumbnail","hentry","category-conciertos1","category-noticias","tag-conciertos-en-madrid","tag-silvestre-dangond","tag-sold-out"],"_links":{"self":[{"href":"https:\/\/larock.com.es\/site\/wp-json\/wp\/v2\/posts\/5392","targetHints":{"allow":["GET"]}}],"collection":[{"href":"https:\/\/larock.com.es\/site\/wp-json\/wp\/v2\/posts"}],"about":[{"href":"https:\/\/larock.com.es\/site\/wp-json\/wp\/v2\/types\/post"}],"author":[{"embeddable":true,"href":"https:\/\/larock.com.es\/site\/wp-json\/wp\/v2\/users\/2"}],"replies":[{"embeddable":true,"href":"https:\/\/larock.com.es\/site\/wp-json\/wp\/v2\/comments?post=5392"}],"version-history":[{"count":4,"href":"https:\/\/larock.com.es\/site\/wp-json\/wp\/v2\/posts\/5392\/revisions"}],"predecessor-version":[{"id":5434,"href":"https:\/\/larock.com.es\/site\/wp-json\/wp\/v2\/posts\/5392\/revisions\/5434"}],"wp:featuredmedia":[{"embeddable":true,"href":"https:\/\/larock.com.es\/site\/wp-json\/wp\/v2\/media\/5393"}],"wp:attachment":[{"href":"https:\/\/larock.com.es\/site\/wp-json\/wp\/v2\/media?parent=5392"}],"wp:term":[{"taxonomy":"category","embeddable":true,"href":"https:\/\/larock.com.es\/site\/wp-json\/wp\/v2\/categories?post=5392"},{"taxonomy":"post_tag","embeddable":true,"href":"https:\/\/larock.com.es\/site\/wp-json\/wp\/v2\/tags?post=5392"}],"curies":[{"name":"wp","href":"https:\/\/api.w.org\/{rel}","templated":true}]}}