{"id":5355,"date":"2025-06-23T15:04:57","date_gmt":"2025-06-23T15:04:57","guid":{"rendered":"http:\/\/larock.com.es\/site\/?p=5355"},"modified":"2025-07-16T16:08:12","modified_gmt":"2025-07-16T16:08:12","slug":"gregory-porter-el-cantante-de-jazz-y-soul-internacionalmente-aclamado-regresa-al-teatro-real-de-madrid","status":"publish","type":"post","link":"https:\/\/larock.com.es\/site\/2025\/06\/23\/gregory-porter-el-cantante-de-jazz-y-soul-internacionalmente-aclamado-regresa-al-teatro-real-de-madrid\/","title":{"rendered":"Gregory Porter, el cantante de jazz y soul internacionalmente aclamado, regresa al Teatro Real de Madrid."},"content":{"rendered":"\n<ul class=\"wp-block-list\"><li>El bar\u00edtono conocido como <em>voz de oro l\u00edquido<\/em><strong><em> <\/em><\/strong><strong>promete volver a colgar el cartel de <em>entradas agotadas<\/em><\/strong><strong> el Teatro Real<\/strong> como ya hiciera en su \u00faltima visita en 2018.<\/li><li>El<strong> 10 de Octubre<\/strong> celebrar\u00e1 en Madrid una gira extraordinaria llena de \u00e9xitos e hitos como llenar cuatro noches el Royal Albert Hall de Londres.<\/li><li><strong>Las entradas estar\u00e1n a la venta el pr\u00f3ximo 23 de junio, a las 10h para Amigos del Teatro Real y a partir de las 12h en venta general.<\/strong><\/li><\/ul>\n\n\n\n<figure class=\"wp-block-image size-large\"><img loading=\"lazy\" decoding=\"async\" width=\"960\" height=\"540\" src=\"http:\/\/larock.com.es\/site\/wp-content\/uploads\/2025\/06\/GREGORY-PORTER-1920x1080-16.9.jpg\" alt=\"\" class=\"wp-image-5356\" srcset=\"https:\/\/larock.com.es\/site\/wp-content\/uploads\/2025\/06\/GREGORY-PORTER-1920x1080-16.9.jpg 960w, https:\/\/larock.com.es\/site\/wp-content\/uploads\/2025\/06\/GREGORY-PORTER-1920x1080-16.9-300x169.jpg 300w, https:\/\/larock.com.es\/site\/wp-content\/uploads\/2025\/06\/GREGORY-PORTER-1920x1080-16.9-768x432.jpg 768w\" sizes=\"auto, (max-width: 960px) 100vw, 960px\" \/><\/figure>\n\n\n\n<h4 class=\"wp-block-heading\"><\/h4>\n\n\n\n<p>Tras el rotundo \u00e9xito de su gira por los cinco continentes, Gregory Porter regresa a las tablas del majestuoso Teatro Real de Madrid el pr\u00f3ximo 10 de Octubre, tras una larga ausencia de m\u00e1s de 7 a\u00f1os. El de Sacramento, criado en California, ya conoce bien las mieles de llenar este enclave, pues en su primera visita en 2018, adem\u00e1s, logr\u00f3 conquistar a cr\u00edtica y p\u00fablico.<\/p>\n\n\n\n<p>Gregory Porter debut\u00f3 con su primer \u00e1lbum (Water) en 2010 y desde entonces es una figura indispensable de los circuitos de Jazz de todo el mundo y uno de los vocalistas m\u00e1s exitosos de su generaci\u00f3n.<\/p>\n\n\n\n<p>Dos veces ganador de los Premios Grammy, Gregory Porter ha demostrado tener una habilidad innata para trascender los g\u00e9neros y conectar con el p\u00fablico de todos los \u00e1mbitos.<\/p>\n\n\n\n<p>El regreso de Gregory al Teatro Real es un testimonio de su perdurable atractivo y de su estatus como una de las voces m\u00e1s importantes de la m\u00fasica contempor\u00e1nea. El sensacional vocalista estar\u00e1 acompa\u00f1ado por una magistral banda de m\u00fasicos que har\u00e1 de la velada una noche inolvidable.<\/p>\n\n\n\n<p><\/p>\n","protected":false},"excerpt":{"rendered":"<p>Tras el rotundo \u00e9xito de su gira por los cinco continentes, Gregory Porter regresa a las tablas del majestuoso Teatro Real de Madrid el pr\u00f3ximo 10 de Octubre, tras una larga ausencia de m\u00e1s de 7 a\u00f1os. El de Sacramento, criado en California, ya conoce bien las mieles de llenar este enclave, pues en su primera visita en 2018, adem\u00e1s, logr\u00f3 conquistar a cr\u00edtica y p\u00fablico.<\/p>\n","protected":false},"author":2,"featured_media":5357,"comment_status":"closed","ping_status":"open","sticky":false,"template":"","format":"standard","meta":{"footnotes":""},"categories":[27],"tags":[217,371,367,369,370,368],"class_list":["post-5355","post","type-post","status-publish","format-standard","has-post-thumbnail","hentry","category-noticias","tag-ive","tag-izna","tag-lisbon","tag-riize","tag-taemin","tag-zerobaseone"],"_links":{"self":[{"href":"https:\/\/larock.com.es\/site\/wp-json\/wp\/v2\/posts\/5355","targetHints":{"allow":["GET"]}}],"collection":[{"href":"https:\/\/larock.com.es\/site\/wp-json\/wp\/v2\/posts"}],"about":[{"href":"https:\/\/larock.com.es\/site\/wp-json\/wp\/v2\/types\/post"}],"author":[{"embeddable":true,"href":"https:\/\/larock.com.es\/site\/wp-json\/wp\/v2\/users\/2"}],"replies":[{"embeddable":true,"href":"https:\/\/larock.com.es\/site\/wp-json\/wp\/v2\/comments?post=5355"}],"version-history":[{"count":5,"href":"https:\/\/larock.com.es\/site\/wp-json\/wp\/v2\/posts\/5355\/revisions"}],"predecessor-version":[{"id":5437,"href":"https:\/\/larock.com.es\/site\/wp-json\/wp\/v2\/posts\/5355\/revisions\/5437"}],"wp:featuredmedia":[{"embeddable":true,"href":"https:\/\/larock.com.es\/site\/wp-json\/wp\/v2\/media\/5357"}],"wp:attachment":[{"href":"https:\/\/larock.com.es\/site\/wp-json\/wp\/v2\/media?parent=5355"}],"wp:term":[{"taxonomy":"category","embeddable":true,"href":"https:\/\/larock.com.es\/site\/wp-json\/wp\/v2\/categories?post=5355"},{"taxonomy":"post_tag","embeddable":true,"href":"https:\/\/larock.com.es\/site\/wp-json\/wp\/v2\/tags?post=5355"}],"curies":[{"name":"wp","href":"https:\/\/api.w.org\/{rel}","templated":true}]}}