{"id":5345,"date":"2025-05-23T11:03:03","date_gmt":"2025-05-23T11:03:03","guid":{"rendered":"https:\/\/larock.com.es\/site\/?p=5345"},"modified":"2025-07-16T16:09:06","modified_gmt":"2025-07-16T16:09:06","slug":"llega-music-bank-a-lisboa-el-mayor-evento-de-k-pop-del-mundo","status":"publish","type":"post","link":"https:\/\/larock.com.es\/site\/2025\/05\/23\/llega-music-bank-a-lisboa-el-mayor-evento-de-k-pop-del-mundo\/","title":{"rendered":"LLEGA MUSIC BANK A LISBOA, EL MAYOR EVENTO DE K-POP DEL MUNDO"},"content":{"rendered":"\n<h3 class=\"wp-block-heading\">Music Bank World Tour es una gira internacional de conciertos del programa Music Bank de KBS, uno de los m\u00e1s populares de la televisi\u00f3n de Coreana<\/h3>\n\n\n\n<figure class=\"wp-block-image size-large\"><img loading=\"lazy\" decoding=\"async\" width=\"819\" height=\"1024\" src=\"https:\/\/larock.com.es\/site\/wp-content\/uploads\/2025\/05\/MB25-Cartel-nombres-feed_LOW-819x1024.jpg\" alt=\"\" class=\"wp-image-5348\" srcset=\"https:\/\/larock.com.es\/site\/wp-content\/uploads\/2025\/05\/MB25-Cartel-nombres-feed_LOW-819x1024.jpg 819w, https:\/\/larock.com.es\/site\/wp-content\/uploads\/2025\/05\/MB25-Cartel-nombres-feed_LOW-240x300.jpg 240w, https:\/\/larock.com.es\/site\/wp-content\/uploads\/2025\/05\/MB25-Cartel-nombres-feed_LOW-768x960.jpg 768w, https:\/\/larock.com.es\/site\/wp-content\/uploads\/2025\/05\/MB25-Cartel-nombres-feed_LOW-1229x1536.jpg 1229w, https:\/\/larock.com.es\/site\/wp-content\/uploads\/2025\/05\/MB25-Cartel-nombres-feed_LOW-1638x2048.jpg 1638w, https:\/\/larock.com.es\/site\/wp-content\/uploads\/2025\/05\/MB25-Cartel-nombres-feed_LOW-scaled.jpg 2048w\" sizes=\"auto, (max-width: 819px) 100vw, 819px\" \/><\/figure>\n\n\n\n<h4 class=\"wp-block-heading\"><strong>SONDE3 y L.A. ROCK ENTERTAINMENT se al\u00edan nuevamente para organizar el festival m\u00e1s importante de K-POP en Lisboa de la mano de KBS<\/strong><\/h4>\n\n\n\n<p>El mayor evento mundial de K-Pop llega de nuevo a la pen\u00ednsula ib\u00e9rica, esta vez en Lisboa. La capital de Portugal ser\u00e1 la nueva localizaci\u00f3n del festival tras su paso por Espa\u00f1a, convirti\u00e9ndose en el escenario de Music Bank Tour, tras un recorrido por 19 ciudades de Asia, Am\u00e9rica y Europa desde 2011. BTS, Stray Kids, o Twice han sido algunos de los miembros anteriores de un c\u00e1rtel que genera \u00e9xito internacional.<\/p>\n\n\n\n<p>Su vig\u00e9sima edici\u00f3n se celebrar\u00e1 en el MEO Arena, el pabell\u00f3n m\u00e1s grande y emblem\u00e1tico de Portugal, donde miles de fans podr\u00e1n disfrutar en persona de sus \u00eddolos. Posteriormente, el evento ser\u00e1 retransmitido a nivel global por KBS (Korean Broadcasting System). El <strong>27 de septiembre<\/strong> se contar\u00e1 con la presencia de grandes nombres y grupos del panorama coreano c\u00f3mo <strong>ATEEZ<\/strong>, <strong>ZEROBASEONE<\/strong>, <strong>RIIZE<\/strong>, <strong>TAEMIN<\/strong>, <strong>IVE<\/strong>, <strong>IZNA.<\/strong><\/p>\n\n\n\n<figure class=\"wp-block-image size-large\"><img loading=\"lazy\" decoding=\"async\" width=\"819\" height=\"1024\" src=\"https:\/\/larock.com.es\/site\/wp-content\/uploads\/2025\/05\/MB25-Cartel-fotos-feed-1_LOW-1-819x1024.jpg\" alt=\"\" class=\"wp-image-5349\" srcset=\"https:\/\/larock.com.es\/site\/wp-content\/uploads\/2025\/05\/MB25-Cartel-fotos-feed-1_LOW-1-819x1024.jpg 819w, https:\/\/larock.com.es\/site\/wp-content\/uploads\/2025\/05\/MB25-Cartel-fotos-feed-1_LOW-1-240x300.jpg 240w, https:\/\/larock.com.es\/site\/wp-content\/uploads\/2025\/05\/MB25-Cartel-fotos-feed-1_LOW-1-768x960.jpg 768w, https:\/\/larock.com.es\/site\/wp-content\/uploads\/2025\/05\/MB25-Cartel-fotos-feed-1_LOW-1-1229x1536.jpg 1229w, https:\/\/larock.com.es\/site\/wp-content\/uploads\/2025\/05\/MB25-Cartel-fotos-feed-1_LOW-1-1638x2048.jpg 1638w, https:\/\/larock.com.es\/site\/wp-content\/uploads\/2025\/05\/MB25-Cartel-fotos-feed-1_LOW-1-scaled.jpg 2048w\" sizes=\"auto, (max-width: 819px) 100vw, 819px\" \/><\/figure>\n\n\n\n<p><strong>MUSIC BANK World Tour <\/strong>cuenta con la garant\u00eda de calidad y profesionalidad de KBS, uno de los principales canales de radiodifusi\u00f3n publica de Corea del Sur. KBS no solo aporta su experiencia en producci\u00f3n de eventos a gran escala, sino que tambi\u00e9n asegura difusi\u00f3n internacional y cobertura medi\u00e1tica a alta escala a trav\u00e9s de sus canales.<\/p>\n\n\n\n<p>La <strong>pre-venta, <\/strong>para los <strong>usuarios registrados previamente a partir del 26 de mayo, <\/strong>se abrir\u00e1 el lunes d\u00eda <strong>2 de junio<\/strong> a las a las <strong>11:00 (WEST) \/ 12:00 (CEST)<\/strong> <strong>&nbsp;<\/strong>y la <strong>venta general <\/strong>el martes d\u00eda<strong> 3 de junio, <\/strong>tambi\u00e9n a las a las <strong>11:00 (WEST) \/ 12:00 (CEST).<\/strong><\/p>\n\n\n\n<p>Durante los pr\u00f3ximos d\u00edas se facilitar\u00e1 toda la informaci\u00f3n en las redes de <strong><a rel=\"noreferrer noopener\" href=\"https:\/\/koreanpower.es\/\" target=\"_blank\">Korean Power<\/a> <\/strong>sobre zonas,&nbsp; precios y todos los detalles necesarios para la adquisici\u00f3n de entradas.<\/p>\n\n\n\n<figure class=\"wp-block-image size-large\"><img loading=\"lazy\" decoding=\"async\" width=\"1024\" height=\"638\" src=\"https:\/\/larock.com.es\/site\/wp-content\/uploads\/2025\/05\/11-1024x638.jpg\" alt=\"\" class=\"wp-image-5350\" srcset=\"https:\/\/larock.com.es\/site\/wp-content\/uploads\/2025\/05\/11-1024x638.jpg 1024w, https:\/\/larock.com.es\/site\/wp-content\/uploads\/2025\/05\/11-300x187.jpg 300w, https:\/\/larock.com.es\/site\/wp-content\/uploads\/2025\/05\/11-768x479.jpg 768w, https:\/\/larock.com.es\/site\/wp-content\/uploads\/2025\/05\/11-1536x957.jpg 1536w, https:\/\/larock.com.es\/site\/wp-content\/uploads\/2025\/05\/11.jpg 1600w\" sizes=\"auto, (max-width: 1024px) 100vw, 1024px\" \/><\/figure>\n\n\n\n<p><\/p>\n","protected":false},"excerpt":{"rendered":"<p>SONDE3 y L.A. ROCK ENTERTAINMENT se al\u00edan nuevamente para organizar el festival m\u00e1s importante de K-POP en Lisboa de la mano de KBS<\/p>\n","protected":false},"author":2,"featured_media":5348,"comment_status":"closed","ping_status":"open","sticky":false,"template":"","format":"standard","meta":{"footnotes":""},"categories":[27],"tags":[217,371,367,369,370,368],"class_list":["post-5345","post","type-post","status-publish","format-standard","has-post-thumbnail","hentry","category-noticias","tag-ive","tag-izna","tag-lisbon","tag-riize","tag-taemin","tag-zerobaseone"],"_links":{"self":[{"href":"https:\/\/larock.com.es\/site\/wp-json\/wp\/v2\/posts\/5345","targetHints":{"allow":["GET"]}}],"collection":[{"href":"https:\/\/larock.com.es\/site\/wp-json\/wp\/v2\/posts"}],"about":[{"href":"https:\/\/larock.com.es\/site\/wp-json\/wp\/v2\/types\/post"}],"author":[{"embeddable":true,"href":"https:\/\/larock.com.es\/site\/wp-json\/wp\/v2\/users\/2"}],"replies":[{"embeddable":true,"href":"https:\/\/larock.com.es\/site\/wp-json\/wp\/v2\/comments?post=5345"}],"version-history":[{"count":5,"href":"https:\/\/larock.com.es\/site\/wp-json\/wp\/v2\/posts\/5345\/revisions"}],"predecessor-version":[{"id":5439,"href":"https:\/\/larock.com.es\/site\/wp-json\/wp\/v2\/posts\/5345\/revisions\/5439"}],"wp:featuredmedia":[{"embeddable":true,"href":"https:\/\/larock.com.es\/site\/wp-json\/wp\/v2\/media\/5348"}],"wp:attachment":[{"href":"https:\/\/larock.com.es\/site\/wp-json\/wp\/v2\/media?parent=5345"}],"wp:term":[{"taxonomy":"category","embeddable":true,"href":"https:\/\/larock.com.es\/site\/wp-json\/wp\/v2\/categories?post=5345"},{"taxonomy":"post_tag","embeddable":true,"href":"https:\/\/larock.com.es\/site\/wp-json\/wp\/v2\/tags?post=5345"}],"curies":[{"name":"wp","href":"https:\/\/api.w.org\/{rel}","templated":true}]}}