{"id":5332,"date":"2025-05-13T11:40:09","date_gmt":"2025-05-13T11:40:09","guid":{"rendered":"https:\/\/larock.com.es\/site\/?p=5332"},"modified":"2025-05-13T11:40:09","modified_gmt":"2025-05-13T11:40:09","slug":"la-banda-de-cumbia-mas-importante-del-mundo-los-angeles-azules-pondran-a-bailar-a-europa","status":"publish","type":"post","link":"https:\/\/larock.com.es\/site\/2025\/05\/13\/la-banda-de-cumbia-mas-importante-del-mundo-los-angeles-azules-pondran-a-bailar-a-europa\/","title":{"rendered":"LA BANDA DE CUMBIA M\u00c1S IMPORTANTE DEL MUNDO, LOS \u00c1NGELES AZULES, PONDR\u00c1N A BAILAR A EUROPA"},"content":{"rendered":"\n<h3 class=\"wp-block-heading\">El grupo visita Europa por primera vez y ofrecer\u00e1 un show en el Palacio Vistalegre de Madrid el 6 de septiembre <\/h3>\n\n\n\n<p>La banda de cumbia m\u00e1s emblem\u00e1tica del mundo, Los \u00c1ngeles Azules, rompen las fronteras y, por primera vez, se presentan en las ciudades m\u00e1s ic\u00f3nicas del viejo continente: Madrid, Berl\u00edn, Londres y Zaragoza, esta \u00faltima dentro del festival Vive Latino; estos lugares ser\u00e1n los escenarios perfectos para trascender y hacer de la cumbia un movimiento global. <\/p>\n\n\n\n<p>Convencidos de que la cumbia no sabe de idiomas, pero s\u00ed de conquistar corazones, Los \u00c1ngeles Azules emprender\u00e1n una gira por diferentes pa\u00edses de Europa donde pondr\u00e1n a bailar a todos sus seguidores; este hecho marca un hito musical sin precedentes, al destacar la relevancia de este ritmo no solo en lugares de habla hispana. <\/p>\n\n\n\n<p>\u201cLa m\u00fasica es un lenguaje universal que une a las personas; no hace falta entender la letra, solo basta con sentir la alegr\u00eda en el coraz\u00f3n que se contagia al escuchar nuestras cumbias. Estamos muy felices y agradecidos de traspasar fronteras y de llevar este ritmo tan especial a Europa\u201d, comentaron Los \u00c1ngeles Azules.<\/p>\n\n\n\n<figure class=\"wp-block-image size-large\"><img loading=\"lazy\" decoding=\"async\" width=\"1024\" height=\"536\" src=\"https:\/\/larock.com.es\/site\/wp-content\/uploads\/2025\/05\/LAA_2025_1200x628-1024x536.jpg\" alt=\"\" class=\"wp-image-5333\" srcset=\"https:\/\/larock.com.es\/site\/wp-content\/uploads\/2025\/05\/LAA_2025_1200x628-1024x536.jpg 1024w, https:\/\/larock.com.es\/site\/wp-content\/uploads\/2025\/05\/LAA_2025_1200x628-300x157.jpg 300w, https:\/\/larock.com.es\/site\/wp-content\/uploads\/2025\/05\/LAA_2025_1200x628-768x402.jpg 768w, https:\/\/larock.com.es\/site\/wp-content\/uploads\/2025\/05\/LAA_2025_1200x628.jpg 1200w\" sizes=\"auto, (max-width: 1024px) 100vw, 1024px\" \/><\/figure>\n\n\n\n<p>La gira por Europa, que tendr\u00e1 lugar durante el pr\u00f3ximo mes de septiembre, tiene previstas las siguientes paradas: el 5 de septiembre en Zaragoza (Vive Latino Espa\u00f1a), el 6 en Madrid (Palacio de Vistalegre), el 8 en Berl\u00edn, Alemania (Uber Eats Music Hall) y el 10 en Londres, Inglaterra (Troxy).<\/p>\n\n\n\n<p>Este gran salto musical llega en un momento clave para la banda de Iztapalapa, despu\u00e9s de que \u201cYo me lo busqu\u00e9\u201d, en colaboraci\u00f3n con la superestrella Thal\u00eda; ocupara los primeros lugares de las listas m\u00e1s virales en M\u00e9xico y Estados Unidos, lanzaron otro tema que va en camino de convertirse en un cl\u00e1sico: \u201cUna nada m\u00e1s\u201d al lado de Kenia Os, cuyo video ya rebasa los 7.9 millones de views en YouTube. Adem\u00e1s, este a\u00f1o tuvieron presentaciones hist\u00f3ricas en dos de los festivales m\u00e1s importantes: Lollapalooza, en Argentina, y Vive Latino, en M\u00e9xico.<\/p>\n\n\n\n<figure class=\"wp-block-embed is-type-video is-provider-youtube wp-block-embed-youtube wp-embed-aspect-16-9 wp-has-aspect-ratio\"><div class=\"wp-block-embed__wrapper\">\n<iframe loading=\"lazy\" title=\"Los \u00c1ngeles Azules, Emilia - Perdonarte \u00bfPara Qu\u00e9?\" width=\"1150\" height=\"647\" src=\"https:\/\/www.youtube.com\/embed\/beH6uqy6Xsw?feature=oembed\" frameborder=\"0\" allow=\"accelerometer; autoplay; clipboard-write; encrypted-media; gyroscope; picture-in-picture; web-share\" referrerpolicy=\"strict-origin-when-cross-origin\" allowfullscreen><\/iframe>\n<\/div><\/figure>\n\n\n\n<p>A lo largo de su trayectoria, Los \u00c1ngeles Azules han reinventado la cumbia a trav\u00e9s de colaboraciones con destacados artistas de distintos g\u00e9neros, como Ha*Ash, Natalia Lafourcade, Juanes, Ximena Sari\u00f1ana, Emilia o Mar\u00eda Becerra. Su colaboraci\u00f3n m\u00e1s reciente con Elena Rose y Camilo, \u201cCarteras Chinas\u201d, es una muestra m\u00e1s de su constante evoluci\u00f3n musical y capacidad para mantenerse vigentes en la escena actual, en la que siguen conquistando a nuevas generaciones, reafirmando el lugar de Los \u00c1ngeles Azules como una de las agrupaciones m\u00e1s influyentes del panorama musical en espa\u00f1ol.<\/p>\n\n\n\n<p class=\"has-text-align-center\">\u00a1<strong>Entradas ya a la venta solo en Ticketmaster.es<\/strong>!<\/p>\n","protected":false},"excerpt":{"rendered":"<p>La banda de cumbia m\u00e1s emblem\u00e1tica del mundo, Los \u00c1ngeles Azules, rompen las fronteras y, por primera vez, se presentan en las ciudades m\u00e1s ic\u00f3nicas del viejo continente: Madrid, Berl\u00edn, Londres y Zaragoza.<\/p>\n","protected":false},"author":2,"featured_media":5333,"comment_status":"closed","ping_status":"open","sticky":false,"template":"","format":"standard","meta":{"footnotes":""},"categories":[27],"tags":[363,210,364,32,365,366],"class_list":["post-5332","post","type-post","status-publish","format-standard","has-post-thumbnail","hentry","category-noticias","tag-cumbia","tag-espana","tag-los-angeles-azules","tag-madrid","tag-mexico","tag-vistalegre"],"_links":{"self":[{"href":"https:\/\/larock.com.es\/site\/wp-json\/wp\/v2\/posts\/5332","targetHints":{"allow":["GET"]}}],"collection":[{"href":"https:\/\/larock.com.es\/site\/wp-json\/wp\/v2\/posts"}],"about":[{"href":"https:\/\/larock.com.es\/site\/wp-json\/wp\/v2\/types\/post"}],"author":[{"embeddable":true,"href":"https:\/\/larock.com.es\/site\/wp-json\/wp\/v2\/users\/2"}],"replies":[{"embeddable":true,"href":"https:\/\/larock.com.es\/site\/wp-json\/wp\/v2\/comments?post=5332"}],"version-history":[{"count":2,"href":"https:\/\/larock.com.es\/site\/wp-json\/wp\/v2\/posts\/5332\/revisions"}],"predecessor-version":[{"id":5335,"href":"https:\/\/larock.com.es\/site\/wp-json\/wp\/v2\/posts\/5332\/revisions\/5335"}],"wp:featuredmedia":[{"embeddable":true,"href":"https:\/\/larock.com.es\/site\/wp-json\/wp\/v2\/media\/5333"}],"wp:attachment":[{"href":"https:\/\/larock.com.es\/site\/wp-json\/wp\/v2\/media?parent=5332"}],"wp:term":[{"taxonomy":"category","embeddable":true,"href":"https:\/\/larock.com.es\/site\/wp-json\/wp\/v2\/categories?post=5332"},{"taxonomy":"post_tag","embeddable":true,"href":"https:\/\/larock.com.es\/site\/wp-json\/wp\/v2\/tags?post=5332"}],"curies":[{"name":"wp","href":"https:\/\/api.w.org\/{rel}","templated":true}]}}