{"id":5316,"date":"2025-05-13T10:19:46","date_gmt":"2025-05-13T10:19:46","guid":{"rendered":"http:\/\/larock.com.es\/site\/?p=5316"},"modified":"2025-07-17T12:48:49","modified_gmt":"2025-07-17T12:48:49","slug":"el-ultimo-de-la-fila-regresara-a-los-escenarios-el-proximo-ano-2026-2","status":"publish","type":"post","link":"https:\/\/larock.com.es\/site\/2025\/05\/13\/el-ultimo-de-la-fila-regresara-a-los-escenarios-el-proximo-ano-2026-2\/","title":{"rendered":"EL \u00daLTIMO DE LA FILA ANUNCIA LOS RECINTOS DE SU PR\u00d3XIMA GIRA DE 2026"},"content":{"rendered":"\n<h3 class=\"wp-block-heading\"><strong>Manolo Garc\u00eda y Quimi Portet anuncian el regreso a los escenarios de El \u00daltimo de La Fila<\/strong><\/h3>\n\n\n\n<div class=\"wp-block-columns is-layout-flex wp-container-core-columns-is-layout-9d6595d7 wp-block-columns-is-layout-flex\">\n<div class=\"wp-block-column is-layout-flow wp-block-column-is-layout-flow\">\n<figure class=\"wp-block-image size-large\"><img loading=\"lazy\" decoding=\"async\" width=\"819\" height=\"1024\" src=\"http:\/\/larock.com.es\/site\/wp-content\/uploads\/2025\/05\/FEED-AL-819x1024.jpg\" alt=\"\" class=\"wp-image-5317\" srcset=\"https:\/\/larock.com.es\/site\/wp-content\/uploads\/2025\/05\/FEED-AL-819x1024.jpg 819w, https:\/\/larock.com.es\/site\/wp-content\/uploads\/2025\/05\/FEED-AL-240x300.jpg 240w, https:\/\/larock.com.es\/site\/wp-content\/uploads\/2025\/05\/FEED-AL-768x960.jpg 768w, https:\/\/larock.com.es\/site\/wp-content\/uploads\/2025\/05\/FEED-AL-1229x1536.jpg 1229w, https:\/\/larock.com.es\/site\/wp-content\/uploads\/2025\/05\/FEED-AL-1638x2048.jpg 1638w, https:\/\/larock.com.es\/site\/wp-content\/uploads\/2025\/05\/FEED-AL-scaled.jpg 2048w\" sizes=\"auto, (max-width: 819px) 100vw, 819px\" \/><\/figure>\n<\/div>\n\n\n\n<div class=\"wp-block-column is-layout-flow wp-block-column-is-layout-flow\">\n<figure class=\"wp-block-image size-large\"><img loading=\"lazy\" decoding=\"async\" width=\"819\" height=\"1024\" src=\"http:\/\/larock.com.es\/site\/wp-content\/uploads\/2025\/05\/FEED-AL-1-819x1024.jpg\" alt=\"\" class=\"wp-image-5318\" srcset=\"https:\/\/larock.com.es\/site\/wp-content\/uploads\/2025\/05\/FEED-AL-1-819x1024.jpg 819w, https:\/\/larock.com.es\/site\/wp-content\/uploads\/2025\/05\/FEED-AL-1-240x300.jpg 240w, https:\/\/larock.com.es\/site\/wp-content\/uploads\/2025\/05\/FEED-AL-1-768x960.jpg 768w, https:\/\/larock.com.es\/site\/wp-content\/uploads\/2025\/05\/FEED-AL-1-1229x1536.jpg 1229w, https:\/\/larock.com.es\/site\/wp-content\/uploads\/2025\/05\/FEED-AL-1-1638x2048.jpg 1638w, https:\/\/larock.com.es\/site\/wp-content\/uploads\/2025\/05\/FEED-AL-1-scaled.jpg 2048w\" sizes=\"auto, (max-width: 819px) 100vw, 819px\" \/><\/figure>\n<\/div>\n<\/div>\n\n\n\n<p>Manolo Garc\u00eda y Quimi Portet han confirmado la vuelta a los escenarios de El \u00daltimo de La Fila, un acontecimiento que sin duda supone una de las noticias m\u00e1s esperadas del panorama musical. Tras pr\u00e1cticamente tres d\u00e9cadas de ausencia de una de las bandas m\u00e1s influyentes de la historia del pop rock espa\u00f1ol, su regreso se materializar\u00e1 en una gira que a partir de la primavera de 2026 recorrer\u00e1 diversas ciudades y revivir\u00e1 un repertorio que forma parte del patrimonio cultural de diversas generaciones. Sus directos siempre se caracterizaron por la atenci\u00f3n que prestaban al sonido y la puesta en escena, as\u00ed como por su proverbial carisma y capacidad de conexi\u00f3n con el p\u00fablico.&nbsp;<\/p>\n\n\n\n<p>Formado en 1985 en Barcelona sucediendo a los R\u00e1pidos y los Burros, El \u00daltimo de la Fila irrumpi\u00f3 en la escena musical con su estilo \u00fanico, fusionando influencias rock, pop y flamencas. Con una trayectoria repleta de reconocimientos y m\u00faltiples discos de oro y platino alcanzaron un \u00e9xito sin precedentes en Espa\u00f1a, Europa y Latinoam\u00e9rica. Desde su separaci\u00f3n oficial en 1998, tanto Garc\u00eda como Portet han desarrollado fruct\u00edferas carreras en solitario, pero el clamor general por una reuni\u00f3n nunca ha cesado.&nbsp;<\/p>\n\n\n\n<p class=\"has-text-align-center\"><strong>Entradas a la venta el pr\u00f3ximo jueves 29 de mayo a partir de las 10:00 horas. <\/strong><\/p>\n\n\n\n<p class=\"has-text-align-center\"><strong>Madrid a la venta el 16 de junio a partir de las 10:00 horas. Solo en Ticketmaster, evita la reventa.<\/strong><\/p>\n\n\n\n<div style=\"height:100px\" aria-hidden=\"true\" class=\"wp-block-spacer\"><\/div>\n\n\n\n<h3 class=\"has-text-align-center wp-block-heading\"><strong>GIRA EL \u00daLTIMO DE LA FILA 2026<\/strong><\/h3>\n\n\n\n<div class=\"wp-block-columns is-layout-flex wp-container-core-columns-is-layout-9d6595d7 wp-block-columns-is-layout-flex\">\n<div class=\"wp-block-column is-layout-flow wp-block-column-is-layout-flow\">\n<p><strong>25 ABR | FUENGIROLA. MARENOSTRUM FUENGIROLA<\/strong>&nbsp;<\/p>\n\n\n\n<p><strong>03 MAY | BARCELONA. ESTADI OL\u00ccMPIC LLU\u00cdS COMPANYS<\/strong>&nbsp;<\/p>\n\n\n\n<p><strong>16 MAY | ROQUETAS DE MAR. ESTADIO MUNICIPAL ANTONIO PEROLES<\/strong>&nbsp;<\/p>\n\n\n\n<p><strong>23 MAY | MADRID&nbsp;<\/strong>&nbsp;<\/p>\n\n\n\n<p><strong>30 MAY | BILBAO.&nbsp; BIZKAIA ARENA BEC<\/strong>!<\/p>\n<\/div>\n\n\n\n<div class=\"wp-block-column is-layout-flow wp-block-column-is-layout-flow\">\n<p><strong>13 JUN | A CORU\u00d1A. ESTADIO MUNICIPAL DE RIAZOR<\/strong>&nbsp;<\/p>\n\n\n\n<p><strong>20 JUN | AVIL\u00c9S. EXTERIOR DEL PABALL\u00d3N DE LA MAGDALENA<\/strong>&nbsp;<\/p>\n\n\n\n<p><strong>27 JUN | SEVILLA. ESTADIO DE LA CARTUJA<\/strong>&nbsp;<\/p>\n\n\n\n<p><strong>04 JUL | VALENCIA. ESTADIO CIUTAT DE <\/strong><strong>VAL\u00c8NCIA<\/strong>&nbsp;<\/p>\n<\/div>\n<\/div>\n\n\n\n<p class=\"has-text-align-right\"><strong>M\u00e1s informaci\u00f3n en <\/strong><a rel=\"noreferrer noopener\" href=\"http:\/\/www.elultimodelafila.com\/\" target=\"_blank\"><strong>www.elultimodelafila.com<\/strong><\/a>&nbsp;<\/p>\n","protected":false},"excerpt":{"rendered":"<p>Manolo Garc\u00eda y Quimi Portet han confirmado la vuelta a los escenarios de El \u00daltimo de La Fila y ahora anuncian qu\u00e9 escenarios visitar\u00e1n el pr\u00f3ximo a\u00f1o<\/p>\n","protected":false},"author":2,"featured_media":5337,"comment_status":"closed","ping_status":"open","sticky":false,"template":"","format":"standard","meta":{"footnotes":""},"categories":[27],"tags":[],"class_list":["post-5316","post","type-post","status-publish","format-standard","has-post-thumbnail","hentry","category-noticias"],"_links":{"self":[{"href":"https:\/\/larock.com.es\/site\/wp-json\/wp\/v2\/posts\/5316","targetHints":{"allow":["GET"]}}],"collection":[{"href":"https:\/\/larock.com.es\/site\/wp-json\/wp\/v2\/posts"}],"about":[{"href":"https:\/\/larock.com.es\/site\/wp-json\/wp\/v2\/types\/post"}],"author":[{"embeddable":true,"href":"https:\/\/larock.com.es\/site\/wp-json\/wp\/v2\/users\/2"}],"replies":[{"embeddable":true,"href":"https:\/\/larock.com.es\/site\/wp-json\/wp\/v2\/comments?post=5316"}],"version-history":[{"count":5,"href":"https:\/\/larock.com.es\/site\/wp-json\/wp\/v2\/posts\/5316\/revisions"}],"predecessor-version":[{"id":5461,"href":"https:\/\/larock.com.es\/site\/wp-json\/wp\/v2\/posts\/5316\/revisions\/5461"}],"wp:featuredmedia":[{"embeddable":true,"href":"https:\/\/larock.com.es\/site\/wp-json\/wp\/v2\/media\/5337"}],"wp:attachment":[{"href":"https:\/\/larock.com.es\/site\/wp-json\/wp\/v2\/media?parent=5316"}],"wp:term":[{"taxonomy":"category","embeddable":true,"href":"https:\/\/larock.com.es\/site\/wp-json\/wp\/v2\/categories?post=5316"},{"taxonomy":"post_tag","embeddable":true,"href":"https:\/\/larock.com.es\/site\/wp-json\/wp\/v2\/tags?post=5316"}],"curies":[{"name":"wp","href":"https:\/\/api.w.org\/{rel}","templated":true}]}}