{"id":5252,"date":"2025-04-04T08:08:27","date_gmt":"2025-04-04T08:08:27","guid":{"rendered":"https:\/\/larock.com.es\/site\/?p=5252"},"modified":"2025-04-30T14:03:16","modified_gmt":"2025-04-30T14:03:16","slug":"cantajuego-presenta-y-celebra-en-sevilla-su-tour-mas-especial-20-anos-la-gira","status":"publish","type":"post","link":"https:\/\/larock.com.es\/site\/2025\/04\/04\/cantajuego-presenta-y-celebra-en-sevilla-su-tour-mas-especial-20-anos-la-gira\/","title":{"rendered":"CANTAJUEGO PRESENTA Y CELEBRA EN SEVILLA SU TOUR M\u00c1S ESPECIAL: 20 A\u00d1OS \u201cLA GIRA\u201d"},"content":{"rendered":"\n<div class=\"wp-block-columns is-layout-flex wp-container-core-columns-is-layout-9d6595d7 wp-block-columns-is-layout-flex\">\n<div class=\"wp-block-column is-layout-flow wp-block-column-is-layout-flow\">\n<div class=\"wp-block-image\"><figure class=\"aligncenter size-large\"><img loading=\"lazy\" decoding=\"async\" width=\"1024\" height=\"576\" src=\"http:\/\/larock.com.es\/site\/wp-content\/uploads\/2025\/04\/CJ-20-Anos-La-Gira-Sevilla-1920x1080px-1024x576.jpg\" alt=\"\" class=\"wp-image-5253\" srcset=\"https:\/\/larock.com.es\/site\/wp-content\/uploads\/2025\/04\/CJ-20-Anos-La-Gira-Sevilla-1920x1080px-1024x576.jpg 1024w, https:\/\/larock.com.es\/site\/wp-content\/uploads\/2025\/04\/CJ-20-Anos-La-Gira-Sevilla-1920x1080px-300x169.jpg 300w, https:\/\/larock.com.es\/site\/wp-content\/uploads\/2025\/04\/CJ-20-Anos-La-Gira-Sevilla-1920x1080px-768x432.jpg 768w, https:\/\/larock.com.es\/site\/wp-content\/uploads\/2025\/04\/CJ-20-Anos-La-Gira-Sevilla-1920x1080px-1536x864.jpg 1536w, https:\/\/larock.com.es\/site\/wp-content\/uploads\/2025\/04\/CJ-20-Anos-La-Gira-Sevilla-1920x1080px.jpg 1920w\" sizes=\"auto, (max-width: 1024px) 100vw, 1024px\" \/><\/figure><\/div>\n<\/div>\n<\/div>\n\n\n\n<p><strong>El pr\u00f3ximo 21 de diciembre de 2025, el <em>Cartuja Center Cite<\/em> de Sevilla se llenar\u00e1 de magia, color y diversi\u00f3n con el regreso de <em>CantaJuego<\/em>, una de las propuestas familiares m\u00e1s queridas por ni\u00f1os y adultos. Con motivo de su aniversario, el grupo ofrecer\u00e1 el esperado 20 A\u00d1OS \u201cLA GIRA\u201d, un espect\u00e1culo especial que promete emocionar a toda la familia y dejar una huella imborrable en quienes asistan.<\/strong><\/p>\n\n\n\n<p>Este evento \u00fanico ser\u00e1 una oportunidad para revivir los momentos m\u00e1s emblem\u00e1ticos de CantaJuego, con una selecci\u00f3n de sus canciones m\u00e1s populares e inolvidables, que han acompa\u00f1ado durante a\u00f1os a varias generaciones de ni\u00f1os. Ainhoa, Rodri, Eugenia y Puli, junto a los adorables Coco, Pepe y Buby, estar\u00e1n en el escenario para llevar a los asistentes en un recorrido musical que abarca dos d\u00e9cadas de \u00e9xitos.<\/p>\n\n\n\n<p>Durante m\u00e1s de 80 minutos, los espectadores podr\u00e1n disfrutar de un despliegue impresionante de m\u00fasica, coreograf\u00edas y mucha diversi\u00f3n, elementos que, junto al desarrollo pedag\u00f3gico, han caracterizado a CantaJuego desde sus inicios. Un evento que no solo celebra su legado, sino que tambi\u00e9n conecta el pasado con el presente, ofreciendo algo para todos: desde los m\u00e1s peque\u00f1os hasta los padres que crecieron con sus canciones.<\/p>\n\n\n\n<p>La energ\u00eda vibrante del espect\u00e1culo, sumada a la conexi\u00f3n especial que CantaJuego ha cultivado con su p\u00fablico, garantiza una experiencia cargada de emoci\u00f3n y ritmo. Cada ciudad por la que ha pasado y pasa CantaJuego es testigo del cari\u00f1o que los artistas despiertan entre los ni\u00f1os quienes, con entusiasmo, aprovechan cada oportunidad para mostrar su afecto.<\/p>\n\n\n\n<p>Con una producci\u00f3n impecable, <em>20 A\u00d1OS &#8211; La Gira<\/em> ser\u00e1 sin duda una cita ineludible para todas las familias, donde la alegr\u00eda y el buen ambiente ser\u00e1n los protagonistas. No te pierdas esta gran celebraci\u00f3n musical que re\u00fane lo mejor de CantaJuego y que har\u00e1 de este 21 de diciembre una fecha memorable.<\/p>\n\n\n\n<p>Las entradas estar\u00e1n a la venta en<a href=\"https:\/\/cartujacenter.janto.es\/es\/espectaculo\/cantajuegos--20-anos-la-gira\/CANTAJUEGOS\"> <strong><u>Cartujacenter.com<\/u><\/strong><\/a>.<\/p>\n\n\n\n<p><\/p>\n","protected":false},"excerpt":{"rendered":"<p>El pr\u00f3ximo 21 de diciembre de 2025, el Cartuja Center Cite de Sevilla se llenar\u00e1 de magia, color y diversi\u00f3n con el regreso de CantaJuego, una de las propuestas familiares m\u00e1s queridas por ni\u00f1os y adultos. Con motivo de su aniversario, el grupo ofrecer\u00e1 el esperado 20 A\u00d1OS \u201cLA GIRA\u201d, un espect\u00e1culo especial que promete emocionar a toda la familia y dejar una huella imborrable en quienes asistan.<\/p>\n","protected":false},"author":2,"featured_media":5250,"comment_status":"closed","ping_status":"open","sticky":false,"template":"","format":"standard","meta":{"footnotes":""},"categories":[24,26,27],"tags":[348,49,349,235],"class_list":["post-5252","post","type-post","status-publish","format-standard","has-post-thumbnail","hentry","category-conciertos1","category-espectaculos","category-noticias","tag-20-anos-la-gira","tag-cantajuego","tag-cartuja-center-cite","tag-sevilla"],"_links":{"self":[{"href":"https:\/\/larock.com.es\/site\/wp-json\/wp\/v2\/posts\/5252","targetHints":{"allow":["GET"]}}],"collection":[{"href":"https:\/\/larock.com.es\/site\/wp-json\/wp\/v2\/posts"}],"about":[{"href":"https:\/\/larock.com.es\/site\/wp-json\/wp\/v2\/types\/post"}],"author":[{"embeddable":true,"href":"https:\/\/larock.com.es\/site\/wp-json\/wp\/v2\/users\/2"}],"replies":[{"embeddable":true,"href":"https:\/\/larock.com.es\/site\/wp-json\/wp\/v2\/comments?post=5252"}],"version-history":[{"count":4,"href":"https:\/\/larock.com.es\/site\/wp-json\/wp\/v2\/posts\/5252\/revisions"}],"predecessor-version":[{"id":5292,"href":"https:\/\/larock.com.es\/site\/wp-json\/wp\/v2\/posts\/5252\/revisions\/5292"}],"wp:featuredmedia":[{"embeddable":true,"href":"https:\/\/larock.com.es\/site\/wp-json\/wp\/v2\/media\/5250"}],"wp:attachment":[{"href":"https:\/\/larock.com.es\/site\/wp-json\/wp\/v2\/media?parent=5252"}],"wp:term":[{"taxonomy":"category","embeddable":true,"href":"https:\/\/larock.com.es\/site\/wp-json\/wp\/v2\/categories?post=5252"},{"taxonomy":"post_tag","embeddable":true,"href":"https:\/\/larock.com.es\/site\/wp-json\/wp\/v2\/tags?post=5252"}],"curies":[{"name":"wp","href":"https:\/\/api.w.org\/{rel}","templated":true}]}}