{"id":5206,"date":"2025-03-05T11:41:07","date_gmt":"2025-03-05T11:41:07","guid":{"rendered":"https:\/\/larock.com.es\/site\/?p=5206"},"modified":"2025-04-30T14:06:07","modified_gmt":"2025-04-30T14:06:07","slug":"kaos-urbano-celebra-su-30-aniversario-en-live-las-ventas","status":"publish","type":"post","link":"https:\/\/larock.com.es\/site\/2025\/03\/05\/kaos-urbano-celebra-su-30-aniversario-en-live-las-ventas\/","title":{"rendered":"KAOS URBANO celebra su 30 aniversario en LIVE LAS VENTAS"},"content":{"rendered":"\n<div class=\"wp-block-columns is-layout-flex wp-container-core-columns-is-layout-9d6595d7 wp-block-columns-is-layout-flex\">\n<div class=\"wp-block-column is-layout-flow wp-block-column-is-layout-flow\">\n<div class=\"wp-block-image\"><figure class=\"aligncenter size-large is-resized\"><img loading=\"lazy\" decoding=\"async\" src=\"https:\/\/larock.com.es\/site\/wp-content\/uploads\/2025\/03\/4C7A6695-1024x683.jpg\" alt=\"\" class=\"wp-image-5207\" width=\"600\" height=\"437\"\/><\/figure><\/div>\n<\/div>\n<\/div>\n\n\n\n<p>Kaos Urbano, uno de los nombres m\u00e1s ic\u00f3nicos y combativos del <strong>punk y el Oi! estatal<\/strong>, est\u00e1 de celebraci\u00f3n. <strong>Treinta a\u00f1os de historia<\/strong>, treinta a\u00f1os de rabia, compromiso y m\u00fasica alzando la voz de los barrios y las calles. <\/p>\n\n\n\n<p>Para conmemorar estas tres d\u00e9cadas de lucha y canciones, la banda ha preparado un evento sin precedentes: <strong>un concierto \u00fanico en la legendaria Plaza de Las Ventas de Madrid<\/strong> el pr\u00f3ximo <strong>14 de febrero de 2026<\/strong>.<\/p>\n\n\n\n<p>Ser\u00e1 una noche especial cargada de emoci\u00f3n, recuerdos y, sobre todo, una descarga brutal de <strong>punk, Oi! y actitud<\/strong>. Kaos Urbano repasar\u00e1 su trayectoria, desde sus primeros himnos hasta sus temas m\u00e1s recientes de \u00abPunk Saves Madriz\u00bb.<\/p>\n\n\n\n<p><strong>De Alcobendas al mundo, Kaos Urbano ha sido y sigue siendo la banda sonora de varias generaciones de inconformistas<\/strong>. Su mensaje, directo y sin filtros, ha calado en el coraz\u00f3n de quienes no se resignan. Este concierto es mucho m\u00e1s que un aniversario: es un homenaje a la escena, a la gente de la calle y a todos aquellos que han hecho de Kaos Urbano parte de sus vidas<\/p>\n\n\n\n<p><strong>En palabras de la propia banda:<\/strong> \u00ab\u00a1\u00a1\u00a130 a\u00f1os!!! Ni m\u00e1s, ni menos. \u00bfQui\u00e9n nos iba a decir que \u00edbamos a llegar hasta aqu\u00ed?<\/p>\n\n\n\n<ul class=\"wp-block-list\"><li>Entradas a la venta este viernes.<\/li><\/ul>\n","protected":false},"excerpt":{"rendered":"<p>Kaos Urbano, uno de los nombres m\u00e1s ic\u00f3nicos y combativos del punk y el Oi! estatal, est\u00e1 de celebraci\u00f3n. Treinta a\u00f1os de historia, treinta a\u00f1os de rabia, compromiso y m\u00fasica alzando la voz de los barrios y las calles. <\/p>\n","protected":false},"author":2,"featured_media":5202,"comment_status":"closed","ping_status":"open","sticky":false,"template":"","format":"standard","meta":{"footnotes":""},"categories":[24,26,27],"tags":[338,337,237],"class_list":["post-5206","post","type-post","status-publish","format-standard","has-post-thumbnail","hentry","category-conciertos1","category-espectaculos","category-noticias","tag-30-aniversario","tag-kaos-urbano","tag-live-las-ventas"],"_links":{"self":[{"href":"https:\/\/larock.com.es\/site\/wp-json\/wp\/v2\/posts\/5206","targetHints":{"allow":["GET"]}}],"collection":[{"href":"https:\/\/larock.com.es\/site\/wp-json\/wp\/v2\/posts"}],"about":[{"href":"https:\/\/larock.com.es\/site\/wp-json\/wp\/v2\/types\/post"}],"author":[{"embeddable":true,"href":"https:\/\/larock.com.es\/site\/wp-json\/wp\/v2\/users\/2"}],"replies":[{"embeddable":true,"href":"https:\/\/larock.com.es\/site\/wp-json\/wp\/v2\/comments?post=5206"}],"version-history":[{"count":5,"href":"https:\/\/larock.com.es\/site\/wp-json\/wp\/v2\/posts\/5206\/revisions"}],"predecessor-version":[{"id":5299,"href":"https:\/\/larock.com.es\/site\/wp-json\/wp\/v2\/posts\/5206\/revisions\/5299"}],"wp:featuredmedia":[{"embeddable":true,"href":"https:\/\/larock.com.es\/site\/wp-json\/wp\/v2\/media\/5202"}],"wp:attachment":[{"href":"https:\/\/larock.com.es\/site\/wp-json\/wp\/v2\/media?parent=5206"}],"wp:term":[{"taxonomy":"category","embeddable":true,"href":"https:\/\/larock.com.es\/site\/wp-json\/wp\/v2\/categories?post=5206"},{"taxonomy":"post_tag","embeddable":true,"href":"https:\/\/larock.com.es\/site\/wp-json\/wp\/v2\/tags?post=5206"}],"curies":[{"name":"wp","href":"https:\/\/api.w.org\/{rel}","templated":true}]}}