{"id":5177,"date":"2025-02-11T09:49:09","date_gmt":"2025-02-11T09:49:09","guid":{"rendered":"https:\/\/larock.com.es\/site\/?p=5177"},"modified":"2025-04-30T14:08:09","modified_gmt":"2025-04-30T14:08:09","slug":"patti-smith-celebra-en-el-teatro-real-el-50-aniversario-de-horses-con-un-unico-concierto-en-espana","status":"publish","type":"post","link":"https:\/\/larock.com.es\/site\/2025\/02\/11\/patti-smith-celebra-en-el-teatro-real-el-50-aniversario-de-horses-con-un-unico-concierto-en-espana\/","title":{"rendered":"Patti Smith celebra en el Teatro Real el 50 aniversario de Horses con un \u00fanico concierto en Espa\u00f1a"},"content":{"rendered":"\n<div class=\"wp-block-image\"><figure class=\"aligncenter size-large\"><img loading=\"lazy\" decoding=\"async\" width=\"1024\" height=\"1024\" src=\"http:\/\/larock.com.es\/site\/wp-content\/uploads\/2025\/02\/PS-Post-1080x1080-1-1024x1024.jpg\" alt=\"\" class=\"wp-image-5178\" srcset=\"https:\/\/larock.com.es\/site\/wp-content\/uploads\/2025\/02\/PS-Post-1080x1080-1-1024x1024.jpg 1024w, https:\/\/larock.com.es\/site\/wp-content\/uploads\/2025\/02\/PS-Post-1080x1080-1-300x300.jpg 300w, https:\/\/larock.com.es\/site\/wp-content\/uploads\/2025\/02\/PS-Post-1080x1080-1-150x150.jpg 150w, https:\/\/larock.com.es\/site\/wp-content\/uploads\/2025\/02\/PS-Post-1080x1080-1-768x768.jpg 768w, https:\/\/larock.com.es\/site\/wp-content\/uploads\/2025\/02\/PS-Post-1080x1080-1.jpg 1080w\" sizes=\"auto, (max-width: 1024px) 100vw, 1024px\" \/><\/figure><\/div>\n\n\n\n<h5 class=\"has-text-align-center wp-block-heading\">La leyenda de la m\u00fasica, referente del Rock mundial, ofrecer\u00e1 7 conciertos \u00fanicos en Europa y Madrid estar\u00e1 entre las ciudades elegidas.<\/h5>\n\n\n\n<p><strong>Patti Smith ofrecer\u00e1 un \u00fanico concierto en Espa\u00f1a el pr\u00f3ximo 8 de octubre a las 21:00h<\/strong>&nbsp;en el&nbsp;<strong>Teatro Real de Madrid<\/strong>&nbsp;donde conmemorar\u00e1 el 50 aniversario del lanzamiento de su primer \u00e1lbum, &#8216;<strong>Horses<\/strong>&#8216;.<\/p>\n\n\n\n<p>La artista estadounidense ha programado una serie de conciertos especiales de Horses en siete ciudades de Europa: Dubl\u00edn, Madrid, Bergamo, Londres, Bruselas, Oslo y Par\u00eds. Nueve ciudades en EE. UU.: Seattle, Oakland, San Francisco, Los \u00c1ngeles, Chicago, Nueva York, Boston, Washington D.C. y Filadelfia.<\/p>\n\n\n\n<p><strong>En el oto\u00f1o de 1975, Patti Smith reuni\u00f3 a su banda en los Electric Lady Studios de Nueva York para grabar su \u00e1lbum debut, Horses.<\/strong> Lanzado el 10 de noviembre por Arista Records, ha llegado a ser considerado una grabaci\u00f3n seminal y trascendental que sigue teniendo resonancia y relevancia para las generaciones sucesivas de m\u00fasicos y artistas.<\/p>\n\n\n\n<p>El grito de batalla de Horses era: \u00abrock de tres acordes fusionado con el poder de la palabra\u00bb. Poeta y artista visual, Patti hab\u00eda comenzado a improvisar su mezcla \u00fanica de canci\u00f3n e im\u00e1genes alucinatorias dos a\u00f1os antes, present\u00e1ndose en escenarios de cabaret y peque\u00f1os clubes con el apoyo del <strong>guitarrista Kaye<\/strong> <strong>y el pianista Richard Sohl<\/strong>. Puli\u00f3 sus canciones en este entorno en vivo, permitiendo que se desarrollaran a su ritmo, gan\u00e1ndose una audiencia cada vez mayor dentro del underground de Manhattan. Para cuando comenz\u00f3 una residencia de siete semanas en el relativamente desconocido club CBGB de Bowery en el invierno de 1975, su banda hab\u00eda crecido, <strong>incorporando al guitarrista Ivan Kral y al baterista Jay Dee Daugherty<\/strong>. Fue durante este tiempo que fue contratada por el presidente de Arista, <strong>Clive Davis<\/strong>. <strong>John Cale<\/strong> fue elegido por la banda para producir el \u00e1lbum, que se lanz\u00f3 el 10 de noviembre, la fecha de fallecimiento de uno de las influencias m\u00e1s importantes de Patti, el poeta <strong>Arthur Rimbaud<\/strong>.<\/p>\n\n\n\n<p>Abriendo con una declaraci\u00f3n emblem\u00e1tica de responsabilidad personal \u2013 \u00abJes\u00fas muri\u00f3 por los pecados de alguien, pero no por los m\u00edos\u00bb \u2013 integrada dentro de <strong>\u00abGloria\u00bb de Van Morrison<\/strong>, Horses fue un regreso a los instintos primarios del rock, buscando despertar el esp\u00edritu y la promesa de la m\u00fasica en un momento en que parec\u00eda que esa sensibilidad estaba en riesgo de ser olvidada. El alcance art\u00edstico del \u00e1lbum se dio en los vuelos de forma libre de \u00abBirdland\u00bb y \u00abLand\u00bb, donde los paisajes sonoros expansivos del jazz libre y los ritmos impulsivos se mezclaban con letras incantatorias para proporcionar un paisaje sonoro expansivo. <strong>\u00abRedondo Beach\u00bb, \u00abFree Money\u00bb, \u00abKimberly\u00bb y \u00abBreak It Up\u00bb <\/strong>presentaban una visi\u00f3n del mundo tanto idealista como rom\u00e1ntica. Con la \u00faltima pista del \u00e1lbum, <strong>\u00abElegie\u00bb<\/strong>, el pasado y el futuro del rock se entrelazaban dentro del \u00abmar de posibilidades\u00bb que se convirti\u00f3 en el presente. Infundido con poes\u00eda, Horses es una exploraci\u00f3n implacable que ayud\u00f3 a sentar las bases para lo que se conocer\u00eda como el auge del \u00abpunk\u00bb, aunque Smith y su banda siempre intentaron evitar la categorizaci\u00f3n: \u00abm\u00e1s all\u00e1 de la raza, el g\u00e9nero, el bautismo, las matem\u00e1ticas, la pol\u00edtica\u00bb, como Patti escribi\u00f3 en las notas del disco, a\u00f1adiendo \u00ab\u2026en cuanto a m\u00ed, estoy verdaderamente totalmente lista para ir.\u00bb<\/p>\n\n\n\n<p>La ic\u00f3nica fotograf\u00eda de portada de<strong> Robert Mapplethorpe<\/strong>, en la que Patti aparece con su chaqueta colgada sobre su hombro, captur\u00f3 perfectamente este momento de transformaci\u00f3n, y de hecho, Horses fue el comienzo de una larga carrera musical que resuena a\u00fan m\u00e1s hoy en d\u00eda. El \u00e1lbum ha recibido muchos reconocimientos notables a lo largo de los a\u00f1os, entre ellos el Premio Charles Cros e incluye la Biblioteca del Congreso en el Registro Nacional de Grabaciones. Le siguieron otros nueve \u00e1lbumes, el ganador del Premio Nacional del Libro, Just Kids; giras mundiales y una inducci\u00f3n al Sal\u00f3n de la Fama del Rock and Roll.<\/p>\n\n\n\n<p>Ahora, cincuenta a\u00f1os despu\u00e9s, <strong>Smith honrar\u00e1 la longevidad y la influencia duradera del \u00e1lbum con una serie de conciertos especiales interpretando Horses en su totalidad<\/strong>. Estar\u00e1 acompa\u00f1ada por dos miembros de la banda original, <strong>Lenny Kaye y Jay Dee Daugherty<\/strong>, junto con el tecladista\/bajista <strong>Tony Shanahan<\/strong>, parte de su banda durante treinta a\u00f1os. <strong>Jackson Smith<\/strong> tambi\u00e9n se unir\u00e1 en la guitarra.<\/p>\n\n\n\n<p><strong>\u00a1Pr\u00f3ximamente entradas a la venta!<\/strong><\/p>\n\n\n\n<div class=\"wp-block-columns is-layout-flex wp-container-core-columns-is-layout-9d6595d7 wp-block-columns-is-layout-flex\"><\/div>\n\n\n\n<p><\/p>\n","protected":false},"excerpt":{"rendered":"<p>Patti Smith ofrecer\u00e1 un \u00fanico concierto en Espa\u00f1a el pr\u00f3ximo 8 de octubre a las 21:00h en el Teatro Real de Madrid donde conmemorar\u00e1 el 50 aniversario del lanzamiento de su primer \u00e1lbum, &#8216;Horses&#8217;.<\/p>\n","protected":false},"author":2,"featured_media":5178,"comment_status":"closed","ping_status":"open","sticky":false,"template":"","format":"standard","meta":{"footnotes":""},"categories":[24,26,27],"tags":[301,328,327,329,45],"class_list":["post-5177","post","type-post","status-publish","format-standard","has-post-thumbnail","hentry","category-conciertos1","category-espectaculos","category-noticias","tag-301","tag-horses","tag-patti-smith","tag-rock","tag-teatro-real"],"_links":{"self":[{"href":"https:\/\/larock.com.es\/site\/wp-json\/wp\/v2\/posts\/5177","targetHints":{"allow":["GET"]}}],"collection":[{"href":"https:\/\/larock.com.es\/site\/wp-json\/wp\/v2\/posts"}],"about":[{"href":"https:\/\/larock.com.es\/site\/wp-json\/wp\/v2\/types\/post"}],"author":[{"embeddable":true,"href":"https:\/\/larock.com.es\/site\/wp-json\/wp\/v2\/users\/2"}],"replies":[{"embeddable":true,"href":"https:\/\/larock.com.es\/site\/wp-json\/wp\/v2\/comments?post=5177"}],"version-history":[{"count":4,"href":"https:\/\/larock.com.es\/site\/wp-json\/wp\/v2\/posts\/5177\/revisions"}],"predecessor-version":[{"id":5305,"href":"https:\/\/larock.com.es\/site\/wp-json\/wp\/v2\/posts\/5177\/revisions\/5305"}],"wp:featuredmedia":[{"embeddable":true,"href":"https:\/\/larock.com.es\/site\/wp-json\/wp\/v2\/media\/5178"}],"wp:attachment":[{"href":"https:\/\/larock.com.es\/site\/wp-json\/wp\/v2\/media?parent=5177"}],"wp:term":[{"taxonomy":"category","embeddable":true,"href":"https:\/\/larock.com.es\/site\/wp-json\/wp\/v2\/categories?post=5177"},{"taxonomy":"post_tag","embeddable":true,"href":"https:\/\/larock.com.es\/site\/wp-json\/wp\/v2\/tags?post=5177"}],"curies":[{"name":"wp","href":"https:\/\/api.w.org\/{rel}","templated":true}]}}