{"id":5116,"date":"2024-12-19T16:42:15","date_gmt":"2024-12-19T16:42:15","guid":{"rendered":"https:\/\/larock.com.es\/site\/?p=5116"},"modified":"2024-12-19T16:43:11","modified_gmt":"2024-12-19T16:43:11","slug":"the-prodigy-satisfaxion-302-en-marenostrum-fuengirola","status":"publish","type":"post","link":"https:\/\/larock.com.es\/site\/2024\/12\/19\/the-prodigy-satisfaxion-302-en-marenostrum-fuengirola\/","title":{"rendered":"The Prodigy &#8211; Satisfaxion 30+2 en Marenostrum Fuengirola"},"content":{"rendered":"\n<div class=\"wp-block-image\"><figure class=\"aligncenter size-large\"><img loading=\"lazy\" decoding=\"async\" width=\"1024\" height=\"576\" src=\"http:\/\/larock.com.es\/site\/wp-content\/uploads\/2024\/12\/1920-x-1080-web-1024x576.png\" alt=\"\" class=\"wp-image-5118\" srcset=\"https:\/\/larock.com.es\/site\/wp-content\/uploads\/2024\/12\/1920-x-1080-web-1024x576.png 1024w, https:\/\/larock.com.es\/site\/wp-content\/uploads\/2024\/12\/1920-x-1080-web-300x169.png 300w, https:\/\/larock.com.es\/site\/wp-content\/uploads\/2024\/12\/1920-x-1080-web-768x432.png 768w, https:\/\/larock.com.es\/site\/wp-content\/uploads\/2024\/12\/1920-x-1080-web-1536x864.png 1536w, https:\/\/larock.com.es\/site\/wp-content\/uploads\/2024\/12\/1920-x-1080-web.png 1920w\" sizes=\"auto, (max-width: 1024px) 100vw, 1024px\" \/><\/figure><\/div>\n\n\n\n<p>El pr\u00f3ximo 26 de julio, Marenostrum Fuengirola ser\u00e1 el escenario de uno de los eventos m\u00e1s esperados del a\u00f1o en el mundo de la m\u00fasica electr\u00f3nica. <strong>The Prodigy<\/strong>, una de las bandas m\u00e1s ic\u00f3nicas y revolucionarias del g\u00e9nero, se presentar\u00e1 en directo para celebrar el <strong>32\u00ba aniversario de Satisfaxion<\/strong>. Este evento promete ser una jornada \u00e9pica llena de energ\u00eda, ritmo fren\u00e9tico y un espect\u00e1culo visual impresionante.<\/p>\n\n\n\n<p>Los asistentes podr\u00e1n disfrutar de una experiencia musical inigualable, con los inconfundibles sonidos de <strong>The Prodigy<\/strong> que han marcado varias generaciones + special guests. Adem\u00e1s, el evento se desarrollar\u00e1 en un entorno \u00fanico junto al mar, creando el ambiente perfecto para una noche que quedar\u00e1 en la memoria de todos.<\/p>\n\n\n\n<p>Con la promesa de una explosi\u00f3n sonora y visual, <strong>Satisfaxion + The Prodigy<\/strong> es una cita imprescindible para todos los amantes de la m\u00fasica electr\u00f3nica. \u00a1No te lo puedes perder!<\/p>\n\n\n\n<p>Entradas ya a la venta en <strong><a href=\"https:\/\/marenostrumfuengirola.com\/eventos\/the-prodigy-satisfaxion-302\/\" data-type=\"URL\" data-id=\"https:\/\/marenostrumfuengirola.com\/eventos\/the-prodigy-satisfaxion-302\/\">marenostrumfuengirola.com<\/a><\/strong><\/p>\n\n\n\n<div class=\"wp-block-columns is-layout-flex wp-container-core-columns-is-layout-9d6595d7 wp-block-columns-is-layout-flex\"><\/div>\n\n\n\n<p><\/p>\n","protected":false},"excerpt":{"rendered":"<p>El pr\u00f3ximo 26 de julio, Marenostrum Fuengirola ser\u00e1 el escenario de uno de los eventos m\u00e1s esperados del a\u00f1o en el mundo de la m\u00fasica electr\u00f3nica. The Prodigy, una de las bandas m\u00e1s ic\u00f3nicas y revolucionarias del g\u00e9nero, se presentar\u00e1 en directo para celebrar el 32\u00ba aniversario de Satisfaxion. Este evento promete ser una jornada [&hellip;]<\/p>\n","protected":false},"author":2,"featured_media":5117,"comment_status":"closed","ping_status":"open","sticky":false,"template":"","format":"standard","meta":{"footnotes":""},"categories":[24,26,27],"tags":[301,37,316,315],"class_list":["post-5116","post","type-post","status-publish","format-standard","has-post-thumbnail","hentry","category-conciertos1","category-espectaculos","category-noticias","tag-301","tag-marenostrum-fuengirola","tag-satisfaxion-302","tag-the-prodigy"],"_links":{"self":[{"href":"https:\/\/larock.com.es\/site\/wp-json\/wp\/v2\/posts\/5116","targetHints":{"allow":["GET"]}}],"collection":[{"href":"https:\/\/larock.com.es\/site\/wp-json\/wp\/v2\/posts"}],"about":[{"href":"https:\/\/larock.com.es\/site\/wp-json\/wp\/v2\/types\/post"}],"author":[{"embeddable":true,"href":"https:\/\/larock.com.es\/site\/wp-json\/wp\/v2\/users\/2"}],"replies":[{"embeddable":true,"href":"https:\/\/larock.com.es\/site\/wp-json\/wp\/v2\/comments?post=5116"}],"version-history":[{"count":3,"href":"https:\/\/larock.com.es\/site\/wp-json\/wp\/v2\/posts\/5116\/revisions"}],"predecessor-version":[{"id":5121,"href":"https:\/\/larock.com.es\/site\/wp-json\/wp\/v2\/posts\/5116\/revisions\/5121"}],"wp:featuredmedia":[{"embeddable":true,"href":"https:\/\/larock.com.es\/site\/wp-json\/wp\/v2\/media\/5117"}],"wp:attachment":[{"href":"https:\/\/larock.com.es\/site\/wp-json\/wp\/v2\/media?parent=5116"}],"wp:term":[{"taxonomy":"category","embeddable":true,"href":"https:\/\/larock.com.es\/site\/wp-json\/wp\/v2\/categories?post=5116"},{"taxonomy":"post_tag","embeddable":true,"href":"https:\/\/larock.com.es\/site\/wp-json\/wp\/v2\/tags?post=5116"}],"curies":[{"name":"wp","href":"https:\/\/api.w.org\/{rel}","templated":true}]}}