{"id":5109,"date":"2024-12-19T16:26:46","date_gmt":"2024-12-19T16:26:46","guid":{"rendered":"https:\/\/larock.com.es\/site\/?p=5109"},"modified":"2024-12-19T16:28:42","modified_gmt":"2024-12-19T16:28:42","slug":"funambulista-llega-a-live-las-ventas-con-nuevas-canciones-y-un-directo-especial","status":"publish","type":"post","link":"https:\/\/larock.com.es\/site\/2024\/12\/19\/funambulista-llega-a-live-las-ventas-con-nuevas-canciones-y-un-directo-especial\/","title":{"rendered":"FUNAMBULISTA llega a LIVE LAS VENTAS con nuevas canciones y un directo especial"},"content":{"rendered":"\n<div class=\"wp-block-image\"><figure class=\"aligncenter size-large\"><img loading=\"lazy\" decoding=\"async\" width=\"800\" height=\"500\" src=\"http:\/\/larock.com.es\/site\/wp-content\/uploads\/2024\/12\/F-Banner-800x500-1.jpg\" alt=\"\" class=\"wp-image-5110\" srcset=\"https:\/\/larock.com.es\/site\/wp-content\/uploads\/2024\/12\/F-Banner-800x500-1.jpg 800w, https:\/\/larock.com.es\/site\/wp-content\/uploads\/2024\/12\/F-Banner-800x500-1-300x188.jpg 300w, https:\/\/larock.com.es\/site\/wp-content\/uploads\/2024\/12\/F-Banner-800x500-1-768x480.jpg 768w\" sizes=\"auto, (max-width: 800px) 100vw, 800px\" \/><\/figure><\/div>\n\n\n\n<p><strong>Funambulista <\/strong>llega a Live las Ventas en una noche especial en la que se podr\u00e1n escuchar por primera vez en directo las nuevas canciones acompa\u00f1adas de un show totalmente renovado. La banda, el escenario, la imagen\u2026 todo gira 180\u00ba para ofrecer una experiencia \u00fanica y envolvente.<\/p>\n\n\n\n<p class=\"has-text-align-left\"><strong>Diego Cantero<\/strong>, FUNAMBULISTA, se ha consagrado como uno de los mejores y m\u00e1s prestigiosos cantantes, autores y productores de la m\u00fasica en espa\u00f1ol. Su destreza para crear melod\u00edas inigualables y su enorme talento para transformar la cotidianeidad en grandes historias, no solo le han permitido dejar huella en su p\u00fablico acumulando m\u00e1s de 300 Millones de reproducciones en plataformas, sino tambi\u00e9n le han abierto las puertas a la composici\u00f3n para artistas de la talla de Raphael, Mal\u00fa, Pastora Soler, Abel Pintos, Nek, David Otero, Alex Ubago, Edurne, Andr\u00e9s Suarez&#8230; y dejar su firma en bandas sonoras de pel\u00edculas como el taquillazo \u201cPerdona si te llamo amor\u201d, series de televisi\u00f3n nacional o publicidad. Sus 8 discos publicados son un escaparate de su particular manera de entender la m\u00fasica y filtrar las tendencias le han llevado a crear un sonido propio, donde los ritmos m\u00e1s actuales se funden con gusto exquisito con los de toda la vida. Ejemplo de ello son hits como \u201cMe Gusta la Vida\u201d, \u201c\u00c9ramos Reyes\u201d, Quiero que vuelvas\u201d recogidos en sus trabajos dem\u00e1s \u00e9xito que acumulan 5 discos de platino y oro. <\/p>\n\n\n\n<p class=\"has-text-align-left\">Adem\u00e1s de este respaldo del p\u00fablico, Funambulista cuenta con el apoyo y cari\u00f1o de toda la profesi\u00f3n prueba de ello son sus m\u00faltiples colaboraciones con los m\u00e1s destacados artistas del panorama musical espa\u00f1ol: Dani Mart\u00edn, Vanesa Mart\u00edn, Pablo Albor\u00e1n, Antonio Orozco, Rozal\u00e9n, Andr\u00e9s Su\u00e1rez, Efecto Pasillo, David Otero, Marw\u00e1n, India Mart\u00ednez o sus m\u00e1s recientes duetos con La La Love You, Pastora Soler, Despistaos y La Pegatina.<\/p>\n\n\n\n<p>Entradas a la venta en <strong><a href=\"https:\/\/www.ticketmaster.es\/event\/298474347?subchannel_id=11808&amp;brand=base_mb_es\" data-type=\"URL\" data-id=\"https:\/\/www.ticketmaster.es\/event\/298474347?subchannel_id=11808&amp;brand=base_mb_es\">Ticketmaster<\/a><\/strong><\/p>\n","protected":false},"excerpt":{"rendered":"<p>Funambulista llega a Live las Ventas en una noche especial en la que se podr\u00e1n escuchar por primera vez en directo las nuevas canciones acompa\u00f1adas de un show totalmente renovado. La banda, el escenario, la imagen\u2026 todo gira 180\u00ba para ofrecer una experiencia \u00fanica y envolvente. Diego Cantero, FUNAMBULISTA, se ha consagrado como uno de [&hellip;]<\/p>\n","protected":false},"author":2,"featured_media":5099,"comment_status":"closed","ping_status":"open","sticky":false,"template":"","format":"standard","meta":{"footnotes":""},"categories":[24,26,27],"tags":[314,237],"class_list":["post-5109","post","type-post","status-publish","format-standard","has-post-thumbnail","hentry","category-conciertos1","category-espectaculos","category-noticias","tag-funambulista","tag-live-las-ventas"],"_links":{"self":[{"href":"https:\/\/larock.com.es\/site\/wp-json\/wp\/v2\/posts\/5109","targetHints":{"allow":["GET"]}}],"collection":[{"href":"https:\/\/larock.com.es\/site\/wp-json\/wp\/v2\/posts"}],"about":[{"href":"https:\/\/larock.com.es\/site\/wp-json\/wp\/v2\/types\/post"}],"author":[{"embeddable":true,"href":"https:\/\/larock.com.es\/site\/wp-json\/wp\/v2\/users\/2"}],"replies":[{"embeddable":true,"href":"https:\/\/larock.com.es\/site\/wp-json\/wp\/v2\/comments?post=5109"}],"version-history":[{"count":4,"href":"https:\/\/larock.com.es\/site\/wp-json\/wp\/v2\/posts\/5109\/revisions"}],"predecessor-version":[{"id":5115,"href":"https:\/\/larock.com.es\/site\/wp-json\/wp\/v2\/posts\/5109\/revisions\/5115"}],"wp:featuredmedia":[{"embeddable":true,"href":"https:\/\/larock.com.es\/site\/wp-json\/wp\/v2\/media\/5099"}],"wp:attachment":[{"href":"https:\/\/larock.com.es\/site\/wp-json\/wp\/v2\/media?parent=5109"}],"wp:term":[{"taxonomy":"category","embeddable":true,"href":"https:\/\/larock.com.es\/site\/wp-json\/wp\/v2\/categories?post=5109"},{"taxonomy":"post_tag","embeddable":true,"href":"https:\/\/larock.com.es\/site\/wp-json\/wp\/v2\/tags?post=5109"}],"curies":[{"name":"wp","href":"https:\/\/api.w.org\/{rel}","templated":true}]}}