{"id":5094,"date":"2024-12-16T12:57:46","date_gmt":"2024-12-16T12:57:46","guid":{"rendered":"https:\/\/larock.com.es\/site\/?p=5094"},"modified":"2024-12-16T12:57:47","modified_gmt":"2024-12-16T12:57:47","slug":"pecos-regresan-a-los-escenarios-con-su-gira-dos-voces-y-una-historia","status":"publish","type":"post","link":"https:\/\/larock.com.es\/site\/2024\/12\/16\/pecos-regresan-a-los-escenarios-con-su-gira-dos-voces-y-una-historia\/","title":{"rendered":"Pecos regresan a los escenarios con su gira Dos Voces y Una Historia"},"content":{"rendered":"\n<p>El m\u00edtico d\u00fao Pecos ha anunciado su vuelta a los escenarios para <strong>conmemorar los 45 a\u00f1os de su debut<\/strong> y mete\u00f3rico ascenso a los n\u00fameros 1 de todas las listas de \u00e9xitos con su <em><strong>Gira Dos Voces y Una Historia<\/strong><\/em>, un tour en el que recorrer\u00e1n los recintos m\u00e1s emblem\u00e1ticos de la geograf\u00eda espa\u00f1ola entre ellos <strong>WiZink Center, Madrid<\/strong> y <strong>MARENOSTRUM FUENGIROLA, M\u00e1laga<\/strong> en uno de los regresos m\u00e1s esperados de la escena musical.<\/p>\n\n\n\n<div class=\"wp-block-columns is-layout-flex wp-container-core-columns-is-layout-9d6595d7 wp-block-columns-is-layout-flex\">\n<div class=\"wp-block-column is-layout-flow wp-block-column-is-layout-flow\">\n<figure class=\"wp-block-gallery columns-1 is-cropped wp-block-gallery-1 is-layout-flex wp-block-gallery-is-layout-flex\"><ul class=\"blocks-gallery-grid\"><li class=\"blocks-gallery-item\"><figure><img loading=\"lazy\" decoding=\"async\" width=\"1024\" height=\"1024\" src=\"http:\/\/larock.com.es\/site\/wp-content\/uploads\/2024\/12\/Los-Pecos-Feed-Wizink-1024x1024.jpg\" alt=\"\" data-id=\"5091\" data-full-url=\"http:\/\/larock.com.es\/site\/wp-content\/uploads\/2024\/12\/Los-Pecos-Feed-Wizink.jpg\" data-link=\"https:\/\/larock.com.es\/site\/venta-de-entradas\/los-pecos-feed-wizink\/\" class=\"wp-image-5091\" srcset=\"https:\/\/larock.com.es\/site\/wp-content\/uploads\/2024\/12\/Los-Pecos-Feed-Wizink-1024x1024.jpg 1024w, https:\/\/larock.com.es\/site\/wp-content\/uploads\/2024\/12\/Los-Pecos-Feed-Wizink-300x300.jpg 300w, https:\/\/larock.com.es\/site\/wp-content\/uploads\/2024\/12\/Los-Pecos-Feed-Wizink-150x150.jpg 150w, https:\/\/larock.com.es\/site\/wp-content\/uploads\/2024\/12\/Los-Pecos-Feed-Wizink-768x768.jpg 768w, https:\/\/larock.com.es\/site\/wp-content\/uploads\/2024\/12\/Los-Pecos-Feed-Wizink.jpg 1080w\" sizes=\"auto, (max-width: 1024px) 100vw, 1024px\" \/><\/figure><\/li><\/ul><\/figure>\n<\/div>\n\n\n\n<div class=\"wp-block-column is-layout-flow wp-block-column-is-layout-flow\">\n<figure class=\"wp-block-gallery columns-1 is-cropped wp-block-gallery-2 is-layout-flex wp-block-gallery-is-layout-flex\"><ul class=\"blocks-gallery-grid\"><li class=\"blocks-gallery-item\"><figure><img loading=\"lazy\" decoding=\"async\" width=\"1024\" height=\"1024\" src=\"http:\/\/larock.com.es\/site\/wp-content\/uploads\/2024\/12\/Los-Pecos-Feed-1024x1024.jpg\" alt=\"\" data-id=\"5092\" data-full-url=\"http:\/\/larock.com.es\/site\/wp-content\/uploads\/2024\/12\/Los-Pecos-Feed.jpg\" data-link=\"https:\/\/larock.com.es\/site\/venta-de-entradas\/los-pecos-feed\/\" class=\"wp-image-5092\" srcset=\"https:\/\/larock.com.es\/site\/wp-content\/uploads\/2024\/12\/Los-Pecos-Feed-1024x1024.jpg 1024w, https:\/\/larock.com.es\/site\/wp-content\/uploads\/2024\/12\/Los-Pecos-Feed-300x300.jpg 300w, https:\/\/larock.com.es\/site\/wp-content\/uploads\/2024\/12\/Los-Pecos-Feed-150x150.jpg 150w, https:\/\/larock.com.es\/site\/wp-content\/uploads\/2024\/12\/Los-Pecos-Feed-768x768.jpg 768w, https:\/\/larock.com.es\/site\/wp-content\/uploads\/2024\/12\/Los-Pecos-Feed.jpg 1080w\" sizes=\"auto, (max-width: 1024px) 100vw, 1024px\" \/><\/figure><\/li><\/ul><\/figure>\n<\/div>\n<\/div>\n\n\n\n<p>Con su <strong><em>Gira Dos Voces Y Una Historia<\/em><\/strong>, Pecos demostrar\u00e1n sobre los escenarios que su m\u00fasica trasciende la nostalgia y el tiempo, y que sus canciones siguen formando parte una banda sonora intergeneracional en el imaginario colectivo social. Su vigencia radica en un talento que pocos han sabido igualar y que proyectan a trav\u00e9s de un estilo propio y fuera de modas, la calidad de sus canciones en esencia atemporales y su capacidad para conectar con las emociones m\u00e1s profundas de las personas. \u00a0<\/p>\n\n\n\n<p>Entradas a la venta en <strong><a href=\"https:\/\/www.elcorteingles.es\/entradas\/conciertos\/pecos\/?msockid=1844aad0b35e6b663489be5cb2276aaa\">El Corte Ingl\u00e9s<\/a><\/strong><\/p>\n","protected":false},"excerpt":{"rendered":"<p>El m\u00edtico d\u00fao Pecos ha anunciado su vuelta a los escenarios para conmemorar los 45 a\u00f1os de su debut y mete\u00f3rico ascenso a los n\u00fameros 1 de todas las listas de \u00e9xitos con su Gira Dos Voces y Una Historia, un tour en el que recorrer\u00e1n los recintos m\u00e1s emblem\u00e1ticos de la geograf\u00eda espa\u00f1ola entre [&hellip;]<\/p>\n","protected":false},"author":2,"featured_media":5095,"comment_status":"closed","ping_status":"open","sticky":false,"template":"","format":"standard","meta":{"footnotes":""},"categories":[24,26,27],"tags":[312,311,310],"class_list":["post-5094","post","type-post","status-publish","format-standard","has-post-thumbnail","hentry","category-conciertos1","category-espectaculos","category-noticias","tag-45-anos-de-exitos","tag-dos-voces-y-una-historia","tag-pecos"],"_links":{"self":[{"href":"https:\/\/larock.com.es\/site\/wp-json\/wp\/v2\/posts\/5094","targetHints":{"allow":["GET"]}}],"collection":[{"href":"https:\/\/larock.com.es\/site\/wp-json\/wp\/v2\/posts"}],"about":[{"href":"https:\/\/larock.com.es\/site\/wp-json\/wp\/v2\/types\/post"}],"author":[{"embeddable":true,"href":"https:\/\/larock.com.es\/site\/wp-json\/wp\/v2\/users\/2"}],"replies":[{"embeddable":true,"href":"https:\/\/larock.com.es\/site\/wp-json\/wp\/v2\/comments?post=5094"}],"version-history":[{"count":2,"href":"https:\/\/larock.com.es\/site\/wp-json\/wp\/v2\/posts\/5094\/revisions"}],"predecessor-version":[{"id":5097,"href":"https:\/\/larock.com.es\/site\/wp-json\/wp\/v2\/posts\/5094\/revisions\/5097"}],"wp:featuredmedia":[{"embeddable":true,"href":"https:\/\/larock.com.es\/site\/wp-json\/wp\/v2\/media\/5095"}],"wp:attachment":[{"href":"https:\/\/larock.com.es\/site\/wp-json\/wp\/v2\/media?parent=5094"}],"wp:term":[{"taxonomy":"category","embeddable":true,"href":"https:\/\/larock.com.es\/site\/wp-json\/wp\/v2\/categories?post=5094"},{"taxonomy":"post_tag","embeddable":true,"href":"https:\/\/larock.com.es\/site\/wp-json\/wp\/v2\/tags?post=5094"}],"curies":[{"name":"wp","href":"https:\/\/api.w.org\/{rel}","templated":true}]}}