{"id":4989,"date":"2024-11-25T13:21:37","date_gmt":"2024-11-25T13:21:37","guid":{"rendered":"https:\/\/larock.com.es\/site\/?p=4989"},"modified":"2024-12-09T16:09:43","modified_gmt":"2024-12-09T16:09:43","slug":"este-es-el-cartel-del-universal-music-festival-2025","status":"publish","type":"post","link":"https:\/\/larock.com.es\/site\/2024\/11\/25\/este-es-el-cartel-del-universal-music-festival-2025\/","title":{"rendered":"\u00a1Este es el cartel del Universal Music Festival 2025!"},"content":{"rendered":"\n<div class=\"wp-block-columns is-layout-flex wp-container-core-columns-is-layout-9d6595d7 wp-block-columns-is-layout-flex\">\n<div class=\"wp-block-column is-layout-flow wp-block-column-is-layout-flow\">\n<div class=\"wp-block-image\"><figure class=\"aligncenter size-large is-resized\"><img loading=\"lazy\" decoding=\"async\" src=\"http:\/\/larock.com.es\/site\/wp-content\/uploads\/2024\/11\/UMF25-Smusic-1920x1080-1-1024x576.png\" alt=\"\" class=\"wp-image-4991\" width=\"732\" height=\"550\"\/><\/figure><\/div>\n<\/div>\n<\/div>\n\n\n\n<p>Damos la bienvenida en el UMusic Hotel Teatro Alb\u00e9niz de Madrid a la d\u00e9cima edici\u00f3n de&nbsp;<strong>Universal Music Festival<\/strong>, una cita indiscutible con siete conciertos \u00fanicos entre los d\u00edas 22 de mayo al 08 junio de 2025.<\/p>\n\n\n\n<p>Este a\u00f1o el Universal Music Festival, ha anunciado un cartel que promete reunir a destacadas figuras de la m\u00fasica nacional e internacional, ofreciendo al p\u00fablico una experiencia realmente \u00fanica e inolvidable.<\/p>\n\n\n\n<p>Para celebrar esta edici\u00f3n especial, el Festival ha preparado un cartel de artistas excepcionales que representan una gran variedad de g\u00e9neros, desde el pop y el flamenco hasta la m\u00fasica africana. Entre los artistas que formar\u00e1n parte de la 10\u00aa edici\u00f3n del festival se encuentran&nbsp;<strong>Rosario, Maria Terremoto, Chambao, Juanjo Bona, Chiara Oliver, Paloma San Basilio y Salif Keita.<\/strong><\/p>\n\n\n\n<p>Universal Music Festival 2025 promete ser una celebraci\u00f3n inolvidable, con una programaci\u00f3n que rendir\u00e1 homenaje a diez a\u00f1os de m\u00fasica en Madrid. <\/p>\n\n\n\n<p>\u00a1No te pierdas la oportunidad de vivir una experiencia \u00fanica en el UMusic Hotel Teatro Alb\u00e9niz!&nbsp;<strong>Preventa exclusiva para clientes Santander del 25 al 27 de noviembre.<\/strong> \u00a1En este <a href=\"https:\/\/www.santandersmusic.com\/preventas\/universal-music-festival-2025\"><strong>ENLACE<\/strong><\/a>!<\/p>\n\n\n\n<p><\/p>\n\n\n\n<div class=\"wp-block-image\"><figure class=\"aligncenter size-large is-resized\"><img loading=\"lazy\" decoding=\"async\" src=\"http:\/\/larock.com.es\/site\/wp-content\/uploads\/2024\/11\/umf-25.png\" alt=\"\" class=\"wp-image-5003\" width=\"353\" height=\"182\" srcset=\"https:\/\/larock.com.es\/site\/wp-content\/uploads\/2024\/11\/umf-25.png 769w, https:\/\/larock.com.es\/site\/wp-content\/uploads\/2024\/11\/umf-25-300x155.png 300w\" sizes=\"auto, (max-width: 353px) 100vw, 353px\" \/><\/figure><\/div>\n\n\n\n<p>La edici\u00f3n del Universal Music Festival se presenta como un evento emblem\u00e1tico en el mundo de la m\u00fasica y la cultura, manteniendo esa esencia \u00fanica que lo ha consolidado como una cita imprescindible en el calendario cultural. Este a\u00f1o, el festival revela su esp\u00edritu innovador y explorador, con una programaci\u00f3n meticulosamente curada que promete no solo sorprender, sino tambi\u00e9n tocar el coraz\u00f3n de nuestros asistentes.<\/p>\n\n\n\n<p>Con el UMUSIC HOTEL TEATRO ALB\u00c9NIZ como nueva sede, el festival eleva su compromiso de ofrecer una experiencia musical extraordinaria en todos los aspectos: una excelencia t\u00e9cnica sin precedentes, condiciones esc\u00e9nicas de primer nivel y un ambiente acogedor que invita al p\u00fablico, nuestro elemento m\u00e1s valioso, a sumergirse en una atm\u00f3sfera \u00fanica. Cada a\u00f1o, nuestra audiencia, distinguida y conocedora, es parte fundamental de este viaje, contribuyendo a consolidar nuestra propuesta como un pilar indiscutible en el panorama cultural de nuestro pa\u00eds.<\/p>\n\n\n\n<p>El Universal Music Festival no es solo un evento, es un encuentro con la grandeza de la m\u00fasica, una experiencia que permanece en el alma mucho despu\u00e9s de que las notas finales hayan resonado.<\/p>\n","protected":false},"excerpt":{"rendered":"<p>Damos la bienvenida en el UMusic Hotel Teatro Alb\u00e9niz de Madrid a la d\u00e9cima edici\u00f3n de&nbsp;Universal Music Festival, una cita indiscutible con siete conciertos \u00fanicos entre los d\u00edas 22 de mayo al 08 junio de 2025. Este a\u00f1o el Universal Music Festival, ha anunciado un cartel que promete reunir a destacadas figuras de la m\u00fasica [&hellip;]<\/p>\n","protected":false},"author":2,"featured_media":4990,"comment_status":"closed","ping_status":"open","sticky":false,"template":"","format":"standard","meta":{"footnotes":""},"categories":[24,26,27],"tags":[301,302,106],"class_list":["post-4989","post","type-post","status-publish","format-standard","has-post-thumbnail","hentry","category-conciertos1","category-espectaculos","category-noticias","tag-301","tag-teatro-albeniz","tag-universal-music-festival"],"_links":{"self":[{"href":"https:\/\/larock.com.es\/site\/wp-json\/wp\/v2\/posts\/4989","targetHints":{"allow":["GET"]}}],"collection":[{"href":"https:\/\/larock.com.es\/site\/wp-json\/wp\/v2\/posts"}],"about":[{"href":"https:\/\/larock.com.es\/site\/wp-json\/wp\/v2\/types\/post"}],"author":[{"embeddable":true,"href":"https:\/\/larock.com.es\/site\/wp-json\/wp\/v2\/users\/2"}],"replies":[{"embeddable":true,"href":"https:\/\/larock.com.es\/site\/wp-json\/wp\/v2\/comments?post=4989"}],"version-history":[{"count":5,"href":"https:\/\/larock.com.es\/site\/wp-json\/wp\/v2\/posts\/4989\/revisions"}],"predecessor-version":[{"id":5087,"href":"https:\/\/larock.com.es\/site\/wp-json\/wp\/v2\/posts\/4989\/revisions\/5087"}],"wp:featuredmedia":[{"embeddable":true,"href":"https:\/\/larock.com.es\/site\/wp-json\/wp\/v2\/media\/4990"}],"wp:attachment":[{"href":"https:\/\/larock.com.es\/site\/wp-json\/wp\/v2\/media?parent=4989"}],"wp:term":[{"taxonomy":"category","embeddable":true,"href":"https:\/\/larock.com.es\/site\/wp-json\/wp\/v2\/categories?post=4989"},{"taxonomy":"post_tag","embeddable":true,"href":"https:\/\/larock.com.es\/site\/wp-json\/wp\/v2\/tags?post=4989"}],"curies":[{"name":"wp","href":"https:\/\/api.w.org\/{rel}","templated":true}]}}