{"id":4968,"date":"2024-11-19T16:24:23","date_gmt":"2024-11-19T16:24:23","guid":{"rendered":"https:\/\/larock.com.es\/site\/?p=4968"},"modified":"2024-11-19T16:26:13","modified_gmt":"2024-11-19T16:26:13","slug":"el-show-de-mikecrack-y-la-superarma-secreta-vuelve-a-mexico-por-navidad","status":"publish","type":"post","link":"https:\/\/larock.com.es\/site\/2024\/11\/19\/el-show-de-mikecrack-y-la-superarma-secreta-vuelve-a-mexico-por-navidad\/","title":{"rendered":"\u00a1El show de MIKECRACK Y LA SUPERARMA SECRETA vuelve a M\u00e9xico por navidad!"},"content":{"rendered":"\n<p>Tras el \u00e9xito rotundo de su regreso a M\u00e9xico en noviembre, <strong>Mike<\/strong>, <strong>Exe<\/strong>, <strong>Akela <\/strong>y <strong>Trolli <\/strong>vuelven con nuevas fechas para ofrecer el \u00a1show m\u00e1s prrrro del planeta!<\/p>\n\n\n\n<p>Los d\u00edas ser\u00e1n el 7 y 8 de diciembre en el Centro Cultural Teatro 2 de M\u00e9xico, donde prometen una experiencia \u00fanica llena de energ\u00eda y diversi\u00f3n. \u00a1No te lo puedes perder! \u00a1Preparaos para volver a cantar, bailar y disfrutar con Las perrer\u00edas de Mike en vivo!<\/p>\n\n\n\n<div class=\"wp-block-image\"><figure class=\"aligncenter size-large is-resized\"><img loading=\"lazy\" decoding=\"async\" src=\"http:\/\/larock.com.es\/site\/wp-content\/uploads\/2024\/11\/CDMX-2.jpg\" alt=\"\" class=\"wp-image-4971\" width=\"699\" height=\"397\" srcset=\"https:\/\/larock.com.es\/site\/wp-content\/uploads\/2024\/11\/CDMX-2.jpg 900w, https:\/\/larock.com.es\/site\/wp-content\/uploads\/2024\/11\/CDMX-2-300x171.jpg 300w, https:\/\/larock.com.es\/site\/wp-content\/uploads\/2024\/11\/CDMX-2-768x437.jpg 768w\" sizes=\"auto, (max-width: 699px) 100vw, 699px\" \/><\/figure><\/div>\n\n\n\n<p>Estad atentos a las redes o p\u00e1gina web de Mikecrack porque ir\u00e1n \u00a1ANUNCIANDO NUEVAS CIUDADES!<\/p>\n\n\n\n<p>Importante: no compr\u00e9is entradas de fuentes no oficiales. Para asegurarte de que tus estradas sean v\u00e1lidas, compra solo en las ticketeras oficiales o a trav\u00e9s de la p\u00e1gina web: www.mikecrack.com<\/p>\n\n\n\n<p><strong><a href=\"https:\/\/www.ticketmaster.com.mx\/search?q=mikecrack+centro+cultural\" data-type=\"URL\">Entradas a la venta<\/a><\/strong><\/p>\n\n\n\n<p><\/p>\n","protected":false},"excerpt":{"rendered":"<p>Tras el \u00e9xito rotundo de su regreso a M\u00e9xico en noviembre, Mike, Exe, Akela y Trolli vuelven con nuevas fechas para ofrecer el \u00a1show m\u00e1s prrrro del planeta! Los d\u00edas ser\u00e1n el 7 y 8 de diciembre en el Centro Cultural Teatro 2 de M\u00e9xico, donde prometen una experiencia \u00fanica llena de energ\u00eda y diversi\u00f3n. [&hellip;]<\/p>\n","protected":false},"author":2,"featured_media":4965,"comment_status":"closed","ping_status":"open","sticky":false,"template":"","format":"standard","meta":{"footnotes":""},"categories":[27],"tags":[233,208,288,231,299,230,232],"class_list":["post-4968","post","type-post","status-publish","format-standard","has-post-thumbnail","hentry","category-noticias","tag-entradas-a-la-venta","tag-gira","tag-latam","tag-mikecrack","tag-navidad","tag-show-en-vivo","tag-superarmasecreta"],"_links":{"self":[{"href":"https:\/\/larock.com.es\/site\/wp-json\/wp\/v2\/posts\/4968","targetHints":{"allow":["GET"]}}],"collection":[{"href":"https:\/\/larock.com.es\/site\/wp-json\/wp\/v2\/posts"}],"about":[{"href":"https:\/\/larock.com.es\/site\/wp-json\/wp\/v2\/types\/post"}],"author":[{"embeddable":true,"href":"https:\/\/larock.com.es\/site\/wp-json\/wp\/v2\/users\/2"}],"replies":[{"embeddable":true,"href":"https:\/\/larock.com.es\/site\/wp-json\/wp\/v2\/comments?post=4968"}],"version-history":[{"count":4,"href":"https:\/\/larock.com.es\/site\/wp-json\/wp\/v2\/posts\/4968\/revisions"}],"predecessor-version":[{"id":4973,"href":"https:\/\/larock.com.es\/site\/wp-json\/wp\/v2\/posts\/4968\/revisions\/4973"}],"wp:featuredmedia":[{"embeddable":true,"href":"https:\/\/larock.com.es\/site\/wp-json\/wp\/v2\/media\/4965"}],"wp:attachment":[{"href":"https:\/\/larock.com.es\/site\/wp-json\/wp\/v2\/media?parent=4968"}],"wp:term":[{"taxonomy":"category","embeddable":true,"href":"https:\/\/larock.com.es\/site\/wp-json\/wp\/v2\/categories?post=4968"},{"taxonomy":"post_tag","embeddable":true,"href":"https:\/\/larock.com.es\/site\/wp-json\/wp\/v2\/tags?post=4968"}],"curies":[{"name":"wp","href":"https:\/\/api.w.org\/{rel}","templated":true}]}}