{"id":4935,"date":"2024-11-13T12:01:21","date_gmt":"2024-11-13T12:01:21","guid":{"rendered":"https:\/\/larock.com.es\/site\/?p=4935"},"modified":"2024-11-13T13:19:35","modified_gmt":"2024-11-13T13:19:35","slug":"navidad-con-raya-real-y-cosa-de-dos-en-live-las-ventas","status":"publish","type":"post","link":"https:\/\/larock.com.es\/site\/2024\/11\/13\/navidad-con-raya-real-y-cosa-de-dos-en-live-las-ventas\/","title":{"rendered":"NAVIDAD CON RAYA REAL Y COSA DE DOS EN LIVE LAS VENTAS"},"content":{"rendered":"\n<div class=\"wp-block-columns is-layout-flex wp-container-core-columns-is-layout-9d6595d7 wp-block-columns-is-layout-flex\">\n<div class=\"wp-block-column is-layout-flow wp-block-column-is-layout-flow\">\n<div class=\"wp-block-image\"><figure class=\"aligncenter size-large is-resized\"><img loading=\"lazy\" decoding=\"async\" src=\"http:\/\/larock.com.es\/site\/wp-content\/uploads\/2024\/11\/1080x1080-1024x1024.jpg\" alt=\"\" class=\"wp-image-4925\" width=\"541\" height=\"541\" srcset=\"https:\/\/larock.com.es\/site\/wp-content\/uploads\/2024\/11\/1080x1080-1024x1024.jpg 1024w, https:\/\/larock.com.es\/site\/wp-content\/uploads\/2024\/11\/1080x1080-300x300.jpg 300w, https:\/\/larock.com.es\/site\/wp-content\/uploads\/2024\/11\/1080x1080-150x150.jpg 150w, https:\/\/larock.com.es\/site\/wp-content\/uploads\/2024\/11\/1080x1080-768x768.jpg 768w, https:\/\/larock.com.es\/site\/wp-content\/uploads\/2024\/11\/1080x1080.jpg 1081w\" sizes=\"auto, (max-width: 541px) 100vw, 541px\" \/><\/figure><\/div>\n<\/div>\n<\/div>\n\n\n\n<p>\u00a1Ven a vivir la magia de la navidad!  <\/p>\n\n\n\n<p>El espect\u00e1culo \u00abNavidad en Las Ventas\u00bb iluminar\u00e1 Madrid el d\u00eda 28 de diciembre. \u00a1No te lo puedes perder! <\/p>\n\n\n\n<p>La navidad suena mejor con <strong>Raya Real<\/strong>, con su espect\u00e1culo \u00abAs\u00ed suena la navidad\u00bb compartiendo su arte y alegr\u00eda con villancicos de siempre, donde participan todos los asistentes al evento. Un concierto inolvidable lleno del esp\u00edritu de estas fiestas tan entra\u00f1ables en el que tambi\u00e9n nos acompa\u00f1ar\u00e1 el grupo <strong>Cosa de Dos<\/strong>, as\u00ed como m\u00e1s artistas y djs\u00b4s que ser\u00e1n confirmados pr\u00f3ximamente.<\/p>\n\n\n\n<p>Descubre la Navidad En Las Ventas en una experiencia para disfrutar con familia y amigos y vive una fiesta \u00fanica en un ambiente inigualable de la mano de la mejor m\u00fasica en vivo que fusiona el encanto de la tradici\u00f3n de estas fechas con un enfoque renovado.<\/p>\n\n\n\n<p>Entradas a la venta en<strong> <a href=\"https:\/\/www.ticketmaster.es\/event\/42779?subchannel_id=11808&amp;brand=base_mb_es\">ticketmaster<\/a>.<\/strong><\/p>\n","protected":false},"excerpt":{"rendered":"<p>\u00a1Ven a vivir la magia de la navidad! El espect\u00e1culo \u00abNavidad en Las Ventas\u00bb iluminar\u00e1 Madrid el d\u00eda 28 de diciembre. \u00a1No te lo puedes perder! La navidad suena mejor con Raya Real, con su espect\u00e1culo \u00abAs\u00ed suena la navidad\u00bb compartiendo su arte y alegr\u00eda con villancicos de siempre, donde participan todos los asistentes al [&hellip;]<\/p>\n","protected":false},"author":2,"featured_media":4925,"comment_status":"closed","ping_status":"open","sticky":false,"template":"","format":"standard","meta":{"footnotes":""},"categories":[24,26,27],"tags":[237],"class_list":["post-4935","post","type-post","status-publish","format-standard","has-post-thumbnail","hentry","category-conciertos1","category-espectaculos","category-noticias","tag-live-las-ventas"],"_links":{"self":[{"href":"https:\/\/larock.com.es\/site\/wp-json\/wp\/v2\/posts\/4935","targetHints":{"allow":["GET"]}}],"collection":[{"href":"https:\/\/larock.com.es\/site\/wp-json\/wp\/v2\/posts"}],"about":[{"href":"https:\/\/larock.com.es\/site\/wp-json\/wp\/v2\/types\/post"}],"author":[{"embeddable":true,"href":"https:\/\/larock.com.es\/site\/wp-json\/wp\/v2\/users\/2"}],"replies":[{"embeddable":true,"href":"https:\/\/larock.com.es\/site\/wp-json\/wp\/v2\/comments?post=4935"}],"version-history":[{"count":4,"href":"https:\/\/larock.com.es\/site\/wp-json\/wp\/v2\/posts\/4935\/revisions"}],"predecessor-version":[{"id":4946,"href":"https:\/\/larock.com.es\/site\/wp-json\/wp\/v2\/posts\/4935\/revisions\/4946"}],"wp:featuredmedia":[{"embeddable":true,"href":"https:\/\/larock.com.es\/site\/wp-json\/wp\/v2\/media\/4925"}],"wp:attachment":[{"href":"https:\/\/larock.com.es\/site\/wp-json\/wp\/v2\/media?parent=4935"}],"wp:term":[{"taxonomy":"category","embeddable":true,"href":"https:\/\/larock.com.es\/site\/wp-json\/wp\/v2\/categories?post=4935"},{"taxonomy":"post_tag","embeddable":true,"href":"https:\/\/larock.com.es\/site\/wp-json\/wp\/v2\/tags?post=4935"}],"curies":[{"name":"wp","href":"https:\/\/api.w.org\/{rel}","templated":true}]}}