{"id":4929,"date":"2024-11-13T11:41:55","date_gmt":"2024-11-13T11:41:55","guid":{"rendered":"https:\/\/larock.com.es\/site\/?p=4929"},"modified":"2024-11-13T11:45:04","modified_gmt":"2024-11-13T11:45:04","slug":"live-las-ventas-presenta-hivernacle-sasha-john-digweed","status":"publish","type":"post","link":"https:\/\/larock.com.es\/site\/2024\/11\/13\/live-las-ventas-presenta-hivernacle-sasha-john-digweed\/","title":{"rendered":"LIVE LAS VENTAS PRESENTA: HIVERNACLE Sasha &#038; John Digweed"},"content":{"rendered":"\n<div class=\"wp-block-columns is-layout-flex wp-container-core-columns-is-layout-9d6595d7 wp-block-columns-is-layout-flex\">\n<div class=\"wp-block-column is-layout-flow wp-block-column-is-layout-flow\">\n<div class=\"wp-block-image\"><figure class=\"aligncenter size-large is-resized\"><img loading=\"lazy\" decoding=\"async\" src=\"https:\/\/larock.com.es\/site\/wp-content\/uploads\/2024\/11\/Hivernacle_21-12_Entrada_800x500.jpg\" alt=\"\" class=\"wp-image-4930\" width=\"602\" height=\"414\"\/><\/figure><\/div>\n<\/div>\n<\/div>\n\n\n\n<h5 class=\"wp-block-heading\">\u00a1Vuelve Hivernacle a Live las Ventas en Madrid!<\/h5>\n\n\n\n<p>Hivernacle nace con la finalidad de ofrecer una alternativa a lo de siempre, una propuesta \u00edntimamente ligada la m\u00fasica electr\u00f3nica que ofrece un espacio para todas esas personas que buscan vivir experiencias memorables m\u00e1s all\u00e1 del sal\u00f3n de casa.<\/p>\n\n\n\n<p>Un evento de m\u00fasica electr\u00f3nica, con un horario no muy normal y en un entorno tambi\u00e9n no muy normal. Pero es que lo normal es como\u2026meh!<\/p>\n\n\n\n<p>Y adem\u00e1s de todo eso, tambi\u00e9n son un espacio de inclusi\u00f3n, libre de todo tipo de discriminaci\u00f3n, seguro con las personas LGTBIQ+ y respetuoso con el medio ambiente.<\/p>\n\n\n\n<p>Entradas pr\u00f3ximamente a la venta en ticketmaster.<\/p>\n","protected":false},"excerpt":{"rendered":"<p>\u00a1Vuelve Hivernacle a Live las Ventas en Madrid! Hivernacle nace con la finalidad de ofrecer una alternativa a lo de siempre, una propuesta \u00edntimamente ligada la m\u00fasica electr\u00f3nica que ofrece un espacio para todas esas personas que buscan vivir experiencias memorables m\u00e1s all\u00e1 del sal\u00f3n de casa. Un evento de m\u00fasica electr\u00f3nica, con un horario [&hellip;]<\/p>\n","protected":false},"author":2,"featured_media":4923,"comment_status":"closed","ping_status":"open","sticky":false,"template":"","format":"standard","meta":{"footnotes":""},"categories":[24,26,27],"tags":[294,237],"class_list":["post-4929","post","type-post","status-publish","format-standard","has-post-thumbnail","hentry","category-conciertos1","category-espectaculos","category-noticias","tag-hivernacle","tag-live-las-ventas"],"_links":{"self":[{"href":"https:\/\/larock.com.es\/site\/wp-json\/wp\/v2\/posts\/4929","targetHints":{"allow":["GET"]}}],"collection":[{"href":"https:\/\/larock.com.es\/site\/wp-json\/wp\/v2\/posts"}],"about":[{"href":"https:\/\/larock.com.es\/site\/wp-json\/wp\/v2\/types\/post"}],"author":[{"embeddable":true,"href":"https:\/\/larock.com.es\/site\/wp-json\/wp\/v2\/users\/2"}],"replies":[{"embeddable":true,"href":"https:\/\/larock.com.es\/site\/wp-json\/wp\/v2\/comments?post=4929"}],"version-history":[{"count":4,"href":"https:\/\/larock.com.es\/site\/wp-json\/wp\/v2\/posts\/4929\/revisions"}],"predecessor-version":[{"id":4934,"href":"https:\/\/larock.com.es\/site\/wp-json\/wp\/v2\/posts\/4929\/revisions\/4934"}],"wp:featuredmedia":[{"embeddable":true,"href":"https:\/\/larock.com.es\/site\/wp-json\/wp\/v2\/media\/4923"}],"wp:attachment":[{"href":"https:\/\/larock.com.es\/site\/wp-json\/wp\/v2\/media?parent=4929"}],"wp:term":[{"taxonomy":"category","embeddable":true,"href":"https:\/\/larock.com.es\/site\/wp-json\/wp\/v2\/categories?post=4929"},{"taxonomy":"post_tag","embeddable":true,"href":"https:\/\/larock.com.es\/site\/wp-json\/wp\/v2\/tags?post=4929"}],"curies":[{"name":"wp","href":"https:\/\/api.w.org\/{rel}","templated":true}]}}