{"id":4879,"date":"2024-10-16T15:03:22","date_gmt":"2024-10-16T15:03:22","guid":{"rendered":"http:\/\/larock.com.es\/site\/?p=4879"},"modified":"2024-10-16T15:03:23","modified_gmt":"2024-10-16T15:03:23","slug":"rebujitos-actua-por-primera-vez-en-live-las-ventas","status":"publish","type":"post","link":"https:\/\/larock.com.es\/site\/2024\/10\/16\/rebujitos-actua-por-primera-vez-en-live-las-ventas\/","title":{"rendered":"REBUJITOS ACTUA POR PRIMERA VEZ EN LIVE LAS VENTAS"},"content":{"rendered":"\n<div class=\"wp-block-columns is-layout-flex wp-container-core-columns-is-layout-9d6595d7 wp-block-columns-is-layout-flex\">\n<div class=\"wp-block-column is-layout-flow wp-block-column-is-layout-flow\">\n<div class=\"wp-block-image\"><figure class=\"aligncenter size-large is-resized\"><img loading=\"lazy\" decoding=\"async\" src=\"http:\/\/larock.com.es\/site\/wp-content\/uploads\/2024\/10\/MADRID_1500-1024x1024.jpeg\" alt=\"\" class=\"wp-image-4877\" width=\"534\" height=\"534\" srcset=\"https:\/\/larock.com.es\/site\/wp-content\/uploads\/2024\/10\/MADRID_1500-1024x1024.jpeg 1024w, https:\/\/larock.com.es\/site\/wp-content\/uploads\/2024\/10\/MADRID_1500-300x300.jpeg 300w, https:\/\/larock.com.es\/site\/wp-content\/uploads\/2024\/10\/MADRID_1500-150x150.jpeg 150w, https:\/\/larock.com.es\/site\/wp-content\/uploads\/2024\/10\/MADRID_1500-768x768.jpeg 768w, https:\/\/larock.com.es\/site\/wp-content\/uploads\/2024\/10\/MADRID_1500.jpeg 1500w\" sizes=\"auto, (max-width: 534px) 100vw, 534px\" \/><\/figure><\/div>\n<\/div>\n<\/div>\n\n\n\n<p>Rebujitos vuelve a Madrid en su nueva gira 2025, eligiendo el marco incomparable de la plaza de toros de Live Las Ventas para presentar su \u00faltimo trabajo \u00abLunare\u00bb, del cual ya se ha presentado su nuevo single \u00abMi dormidina\u00bb.<\/p>\n\n\n\n<p>Un nuevo tour lleno de luz, sorpresas, melod\u00edas comerciales y mucho sabor \u00abRebujitos\u00bb, incluyendo por supuesto todos sus \u00e9xitos. Como siempre bajo la direcci\u00f3n musical de Yerai Blanco, autor, compositor y voz principal de tan m\u00edtico proyecto que comenz\u00f3 hace ya 20 a\u00f1os!<\/p>\n\n\n\n<p>Sin duda uno de los artistas m\u00e1s relevantes del panorama pop, con grandes hits que todos reconocemos como \u00abTodos los besos\u00bb, \u00abLo que me gusta de ti\u00bb, \u00abQuiero\u00bb, \u00abCuatro soldaditos\u00bb, \u00abVolar\u00bb, \u00abVete\u00bb, \u00abLe pedir\u00e9 a la luna\u00bb, \u00abUn bonito final\u00bb o \u00abNi\u00f1a\u00bb entre otros que han pasado sin duda a la historia de la m\u00fasica nacional.<\/p>\n\n\n\n<p>Entradas a la venta en<strong> <a href=\"https:\/\/www.ticketmaster.es\/event\/42613?camefrom=CFC_ES_web-las-ventas\">ticketmaster<\/a><\/strong><\/p>\n","protected":false},"excerpt":{"rendered":"<p>Rebujitos vuelve a Madrid en su nueva gira 2025, eligiendo el marco incomparable de la plaza de toros de Live Las Ventas para presentar su \u00faltimo trabajo \u00abLunare\u00bb, del cual ya se ha presentado su nuevo single \u00abMi dormidina\u00bb. Un nuevo tour lleno de luz, sorpresas, melod\u00edas comerciales y mucho sabor \u00abRebujitos\u00bb, incluyendo por supuesto [&hellip;]<\/p>\n","protected":false},"author":2,"featured_media":4877,"comment_status":"closed","ping_status":"open","sticky":false,"template":"","format":"standard","meta":{"footnotes":""},"categories":[24,26,27],"tags":[237],"class_list":["post-4879","post","type-post","status-publish","format-standard","has-post-thumbnail","hentry","category-conciertos1","category-espectaculos","category-noticias","tag-live-las-ventas"],"_links":{"self":[{"href":"https:\/\/larock.com.es\/site\/wp-json\/wp\/v2\/posts\/4879","targetHints":{"allow":["GET"]}}],"collection":[{"href":"https:\/\/larock.com.es\/site\/wp-json\/wp\/v2\/posts"}],"about":[{"href":"https:\/\/larock.com.es\/site\/wp-json\/wp\/v2\/types\/post"}],"author":[{"embeddable":true,"href":"https:\/\/larock.com.es\/site\/wp-json\/wp\/v2\/users\/2"}],"replies":[{"embeddable":true,"href":"https:\/\/larock.com.es\/site\/wp-json\/wp\/v2\/comments?post=4879"}],"version-history":[{"count":2,"href":"https:\/\/larock.com.es\/site\/wp-json\/wp\/v2\/posts\/4879\/revisions"}],"predecessor-version":[{"id":4882,"href":"https:\/\/larock.com.es\/site\/wp-json\/wp\/v2\/posts\/4879\/revisions\/4882"}],"wp:featuredmedia":[{"embeddable":true,"href":"https:\/\/larock.com.es\/site\/wp-json\/wp\/v2\/media\/4877"}],"wp:attachment":[{"href":"https:\/\/larock.com.es\/site\/wp-json\/wp\/v2\/media?parent=4879"}],"wp:term":[{"taxonomy":"category","embeddable":true,"href":"https:\/\/larock.com.es\/site\/wp-json\/wp\/v2\/categories?post=4879"},{"taxonomy":"post_tag","embeddable":true,"href":"https:\/\/larock.com.es\/site\/wp-json\/wp\/v2\/tags?post=4879"}],"curies":[{"name":"wp","href":"https:\/\/api.w.org\/{rel}","templated":true}]}}