{"id":4871,"date":"2024-10-15T11:09:56","date_gmt":"2024-10-15T11:09:56","guid":{"rendered":"https:\/\/larock.com.es\/site\/?p=4871"},"modified":"2024-10-15T11:09:56","modified_gmt":"2024-10-15T11:09:56","slug":"epicentro-madrid-fest-llega-a-live-las-ventas","status":"publish","type":"post","link":"https:\/\/larock.com.es\/site\/2024\/10\/15\/epicentro-madrid-fest-llega-a-live-las-ventas\/","title":{"rendered":"EPICENTRO MADRID FEST\u00a0LLEGA A LIVE LAS VENTAS"},"content":{"rendered":"\n<div class=\"wp-block-columns is-layout-flex wp-container-core-columns-is-layout-9d6595d7 wp-block-columns-is-layout-flex\">\n<div class=\"wp-block-column is-layout-flow wp-block-column-is-layout-flow\">\n<div class=\"wp-block-image\"><figure class=\"aligncenter size-large is-resized\"><img loading=\"lazy\" decoding=\"async\" src=\"http:\/\/larock.com.es\/site\/wp-content\/uploads\/2024\/10\/IMG_7340-819x1024.png\" alt=\"\" class=\"wp-image-4862\" width=\"553\" height=\"692\" srcset=\"https:\/\/larock.com.es\/site\/wp-content\/uploads\/2024\/10\/IMG_7340-819x1024.png 819w, https:\/\/larock.com.es\/site\/wp-content\/uploads\/2024\/10\/IMG_7340-240x300.png 240w, https:\/\/larock.com.es\/site\/wp-content\/uploads\/2024\/10\/IMG_7340-768x960.png 768w, https:\/\/larock.com.es\/site\/wp-content\/uploads\/2024\/10\/IMG_7340.png 1080w\" sizes=\"auto, (max-width: 553px) 100vw, 553px\" \/><\/figure><\/div>\n<\/div>\n<\/div>\n\n\n\n<h5 class=\"wp-block-heading\">Prep\u00e1rate para ser parte de un momento \u00fanico<\/h5>\n\n\n\n<p>EPICENTRO MADRID FEST marcar\u00e1 un hito hist\u00f3rico. <\/p>\n\n\n\n<p>Este festival reunir\u00e1 a los mejores DJs de ESPA\u00d1A y a artistas internacionales de renombre, incluyendo la esperada actuaci\u00f3n de Henry M\u00e9ndez y otros invitados sorpresa que se desvelar\u00e1n pr\u00f3ximamente.<\/p>\n\n\n\n<p>Vive el momento, siente la energ\u00eda y d\u00e9jate llevar por el sonido.<\/p>\n\n\n\n<ul class=\"wp-block-list\"><li>Viernes, 22 noviembre de 2024 a las 18:30hs.<\/li><\/ul>\n\n\n\n<p><\/p>\n","protected":false},"excerpt":{"rendered":"<p>Prep\u00e1rate para ser parte de un momento \u00fanico EPICENTRO MADRID FEST marcar\u00e1 un hito hist\u00f3rico. Este festival reunir\u00e1 a los mejores DJs de ESPA\u00d1A y a artistas internacionales de renombre, incluyendo la esperada actuaci\u00f3n de Henry M\u00e9ndez y otros invitados sorpresa que se desvelar\u00e1n pr\u00f3ximamente. Vive el momento, siente la energ\u00eda y d\u00e9jate llevar por [&hellip;]<\/p>\n","protected":false},"author":2,"featured_media":4862,"comment_status":"closed","ping_status":"open","sticky":false,"template":"","format":"standard","meta":{"footnotes":""},"categories":[24,26,27],"tags":[237],"class_list":["post-4871","post","type-post","status-publish","format-standard","has-post-thumbnail","hentry","category-conciertos1","category-espectaculos","category-noticias","tag-live-las-ventas"],"_links":{"self":[{"href":"https:\/\/larock.com.es\/site\/wp-json\/wp\/v2\/posts\/4871","targetHints":{"allow":["GET"]}}],"collection":[{"href":"https:\/\/larock.com.es\/site\/wp-json\/wp\/v2\/posts"}],"about":[{"href":"https:\/\/larock.com.es\/site\/wp-json\/wp\/v2\/types\/post"}],"author":[{"embeddable":true,"href":"https:\/\/larock.com.es\/site\/wp-json\/wp\/v2\/users\/2"}],"replies":[{"embeddable":true,"href":"https:\/\/larock.com.es\/site\/wp-json\/wp\/v2\/comments?post=4871"}],"version-history":[{"count":4,"href":"https:\/\/larock.com.es\/site\/wp-json\/wp\/v2\/posts\/4871\/revisions"}],"predecessor-version":[{"id":4875,"href":"https:\/\/larock.com.es\/site\/wp-json\/wp\/v2\/posts\/4871\/revisions\/4875"}],"wp:featuredmedia":[{"embeddable":true,"href":"https:\/\/larock.com.es\/site\/wp-json\/wp\/v2\/media\/4862"}],"wp:attachment":[{"href":"https:\/\/larock.com.es\/site\/wp-json\/wp\/v2\/media?parent=4871"}],"wp:term":[{"taxonomy":"category","embeddable":true,"href":"https:\/\/larock.com.es\/site\/wp-json\/wp\/v2\/categories?post=4871"},{"taxonomy":"post_tag","embeddable":true,"href":"https:\/\/larock.com.es\/site\/wp-json\/wp\/v2\/tags?post=4871"}],"curies":[{"name":"wp","href":"https:\/\/api.w.org\/{rel}","templated":true}]}}