{"id":4868,"date":"2024-10-14T11:27:08","date_gmt":"2024-10-14T11:27:08","guid":{"rendered":"https:\/\/larock.com.es\/site\/?p=4868"},"modified":"2024-10-14T11:27:09","modified_gmt":"2024-10-14T11:27:09","slug":"hivernacle-pop-up-club-madrid-1-maceo-plex-6-hour-set-en-live-las-ventas","status":"publish","type":"post","link":"https:\/\/larock.com.es\/site\/2024\/10\/14\/hivernacle-pop-up-club-madrid-1-maceo-plex-6-hour-set-en-live-las-ventas\/","title":{"rendered":"Hivernacle Pop Up Club Madrid #1: Maceo Plex (6 hour set) en LIVE LAS VENTAS"},"content":{"rendered":"\n<div class=\"wp-block-columns is-layout-flex wp-container-core-columns-is-layout-9d6595d7 wp-block-columns-is-layout-flex\">\n<div class=\"wp-block-column is-layout-flow wp-block-column-is-layout-flow\">\n<div class=\"wp-block-image\"><figure class=\"aligncenter size-large is-resized\"><img loading=\"lazy\" decoding=\"async\" src=\"http:\/\/larock.com.es\/site\/wp-content\/uploads\/2024\/10\/Hivernacle_Maceo-Plex_v1-944x1024.jpg\" alt=\"\" class=\"wp-image-4842\" width=\"520\" height=\"564\" srcset=\"https:\/\/larock.com.es\/site\/wp-content\/uploads\/2024\/10\/Hivernacle_Maceo-Plex_v1-944x1024.jpg 944w, https:\/\/larock.com.es\/site\/wp-content\/uploads\/2024\/10\/Hivernacle_Maceo-Plex_v1-277x300.jpg 277w, https:\/\/larock.com.es\/site\/wp-content\/uploads\/2024\/10\/Hivernacle_Maceo-Plex_v1-768x833.jpg 768w, https:\/\/larock.com.es\/site\/wp-content\/uploads\/2024\/10\/Hivernacle_Maceo-Plex_v1.jpg 1245w\" sizes=\"auto, (max-width: 520px) 100vw, 520px\" \/><\/figure><\/div>\n<\/div>\n<\/div>\n\n\n\n<h5 class=\"wp-block-heading\">\u00a1Aterriza Hivernacle Pop Up Club en Madrid!<\/h5>\n\n\n\n<p>Hivernacle nace con la finalidad de ofrecer una alternativa a lo de siempre, una propuesta \u00edntimamente ligada la m\u00fasica electr\u00f3nica y que ofrece un espacio para todas esas personas que buscan vivir experiencias memorables m\u00e1s all\u00e1 del sal\u00f3n de casa.<\/p>\n\n\n\n<p>Un evento de m\u00fasica electr\u00f3nica, con un horario no muy normal y en un entorno tambi\u00e9n no muy normal. Pero es que lo normal es como\u2026meh!<\/p>\n\n\n\n<p><strong>Entradas a la venta en <a href=\"https:\/\/www.ticketmaster.es\/event\/42617?brand=base_mb_es\">ticketmaster<\/a><\/strong><\/p>\n\n\n\n<p><\/p>\n","protected":false},"excerpt":{"rendered":"<p>\u00a1Aterriza Hivernacle Pop Up Club en Madrid! Hivernacle nace con la finalidad de ofrecer una alternativa a lo de siempre, una propuesta \u00edntimamente ligada la m\u00fasica electr\u00f3nica y que ofrece un espacio para todas esas personas que buscan vivir experiencias memorables m\u00e1s all\u00e1 del sal\u00f3n de casa. Un evento de m\u00fasica electr\u00f3nica, con un horario [&hellip;]<\/p>\n","protected":false},"author":2,"featured_media":4842,"comment_status":"closed","ping_status":"open","sticky":false,"template":"","format":"standard","meta":{"footnotes":""},"categories":[24,26,27],"tags":[237],"class_list":["post-4868","post","type-post","status-publish","format-standard","has-post-thumbnail","hentry","category-conciertos1","category-espectaculos","category-noticias","tag-live-las-ventas"],"_links":{"self":[{"href":"https:\/\/larock.com.es\/site\/wp-json\/wp\/v2\/posts\/4868","targetHints":{"allow":["GET"]}}],"collection":[{"href":"https:\/\/larock.com.es\/site\/wp-json\/wp\/v2\/posts"}],"about":[{"href":"https:\/\/larock.com.es\/site\/wp-json\/wp\/v2\/types\/post"}],"author":[{"embeddable":true,"href":"https:\/\/larock.com.es\/site\/wp-json\/wp\/v2\/users\/2"}],"replies":[{"embeddable":true,"href":"https:\/\/larock.com.es\/site\/wp-json\/wp\/v2\/comments?post=4868"}],"version-history":[{"count":2,"href":"https:\/\/larock.com.es\/site\/wp-json\/wp\/v2\/posts\/4868\/revisions"}],"predecessor-version":[{"id":4870,"href":"https:\/\/larock.com.es\/site\/wp-json\/wp\/v2\/posts\/4868\/revisions\/4870"}],"wp:featuredmedia":[{"embeddable":true,"href":"https:\/\/larock.com.es\/site\/wp-json\/wp\/v2\/media\/4842"}],"wp:attachment":[{"href":"https:\/\/larock.com.es\/site\/wp-json\/wp\/v2\/media?parent=4868"}],"wp:term":[{"taxonomy":"category","embeddable":true,"href":"https:\/\/larock.com.es\/site\/wp-json\/wp\/v2\/categories?post=4868"},{"taxonomy":"post_tag","embeddable":true,"href":"https:\/\/larock.com.es\/site\/wp-json\/wp\/v2\/tags?post=4868"}],"curies":[{"name":"wp","href":"https:\/\/api.w.org\/{rel}","templated":true}]}}