{"id":4848,"date":"2024-10-14T09:01:51","date_gmt":"2024-10-14T09:01:51","guid":{"rendered":"https:\/\/larock.com.es\/site\/?p=4848"},"modified":"2024-10-14T09:04:19","modified_gmt":"2024-10-14T09:04:19","slug":"music-bank-madrid-2024-puede-con-todo","status":"publish","type":"post","link":"https:\/\/larock.com.es\/site\/2024\/10\/14\/music-bank-madrid-2024-puede-con-todo\/","title":{"rendered":"Music Bank Madrid 2024 puede con todo"},"content":{"rendered":"\n<div class=\"wp-block-columns is-layout-flex wp-container-core-columns-is-layout-9d6595d7 wp-block-columns-is-layout-flex\">\n<div class=\"wp-block-column is-layout-flow wp-block-column-is-layout-flow\" style=\"flex-basis:100%\">\n<div class=\"wp-block-image\"><figure class=\"aligncenter size-large is-resized\"><img loading=\"lazy\" decoding=\"async\" src=\"https:\/\/larock.com.es\/site\/wp-content\/uploads\/2024\/10\/24MB-1024x638.jpeg\" alt=\"\" class=\"wp-image-4851\" width=\"849\" height=\"529\" srcset=\"https:\/\/larock.com.es\/site\/wp-content\/uploads\/2024\/10\/24MB-1024x638.jpeg 1024w, https:\/\/larock.com.es\/site\/wp-content\/uploads\/2024\/10\/24MB-300x187.jpeg 300w, https:\/\/larock.com.es\/site\/wp-content\/uploads\/2024\/10\/24MB-768x479.jpeg 768w, https:\/\/larock.com.es\/site\/wp-content\/uploads\/2024\/10\/24MB-1536x957.jpeg 1536w, https:\/\/larock.com.es\/site\/wp-content\/uploads\/2024\/10\/24MB.jpeg 1600w\" sizes=\"auto, (max-width: 849px) 100vw, 849px\" \/><\/figure><\/div>\n<\/div>\n<\/div>\n\n\n\n<h5 class=\"wp-block-heading\"><strong>El Auditorio Miguel R\u00edos de Rivas Vaciamadrid fue testigo de un encuentro inolvidable y escenario de la celebraci\u00f3n del K- Pop.<\/strong><\/h5>\n\n\n\n<p>Music Bank Madrid super\u00f3 con \u00e9xito su primera edici\u00f3n madrile\u00f1a, allanado cada una de las adversidades que encontr\u00f3 en la organizaci\u00f3n. Ni el repentino cambio de recinto ni las inclemencias climatol\u00f3gicas representaron un problema para que la decimonovena edici\u00f3n del Music Bank World Tour se desarrollara exitosamente en el Auditorio Miguel R\u00edos, convirtiendo a Rivas Vaciamadrid en testigo del mayor encuentro de m\u00fasica coreana.<\/p>\n\n\n\n<p>El evento de K-Pop se destac\u00f3 por su meticulosa atenci\u00f3n a cada detalle, buscando una conexi\u00f3n profunda con el p\u00fablico. En las pantallas laterales del escenario, un traductor en tiempo real transmit\u00eda cada palabra de los artistas, garantizando que los asistentes no se perdieran ning\u00fan mensaje. Los cantantes, adem\u00e1s, sorprendieron al esforzarse por aprender frases en espa\u00f1ol, lo que dio lugar a momentos memorables.<\/p>\n\n\n\n<p>Un p\u00fablico de todas las edades, de diferentes nacionalidades, con atuendos tan originales como atrevidos, hicieron de la fiesta del K-Pop un ambiente agradable y distendido, donde rein\u00f3 la alegr\u00eda y el respeto.<\/p>\n\n\n\n<p>El espect\u00e1culo visual fue impactante: lleno de colores vibrantes, coreograf\u00edas, proyecciones espectaculares y efectos asombrosos, que mantuvieron a los asistentes bailando y coreando las canciones de sus bandas favoritas. La magia en el escenario captur\u00f3 cada mirada, dejando a todos fascinados durante cada segundo del show.<\/p>\n\n\n\n<div class=\"wp-block-image\"><figure class=\"aligncenter size-large is-resized\"><img decoding=\"async\" src=\"http:\/\/larock.com.es\/site\/wp-content\/uploads\/2024\/10\/kpop-24-@nabscabDSC_7977-Mejorado-NR-1024x585.jpg\" alt=\"\" class=\"wp-image-4853\" width=\"-240\" height=\"-137\" srcset=\"https:\/\/larock.com.es\/site\/wp-content\/uploads\/2024\/10\/kpop-24-@nabscabDSC_7977-Mejorado-NR-1024x585.jpg 1024w, https:\/\/larock.com.es\/site\/wp-content\/uploads\/2024\/10\/kpop-24-@nabscabDSC_7977-Mejorado-NR-300x171.jpg 300w, https:\/\/larock.com.es\/site\/wp-content\/uploads\/2024\/10\/kpop-24-@nabscabDSC_7977-Mejorado-NR-768x439.jpg 768w, https:\/\/larock.com.es\/site\/wp-content\/uploads\/2024\/10\/kpop-24-@nabscabDSC_7977-Mejorado-NR-1536x878.jpg 1536w, https:\/\/larock.com.es\/site\/wp-content\/uploads\/2024\/10\/kpop-24-@nabscabDSC_7977-Mejorado-NR.jpg 1920w\" sizes=\"(max-width: 1024px) 100vw, 1024px\" \/><\/figure><\/div>\n\n\n\n<p>El reconocido actor de series coreanas, Park Bo-Gum, fue el encargado de abrir el evento. La emoci\u00f3n se mantuvo al m\u00e1ximo de principio a fin, durante las m\u00e1s de tres horas que dur\u00f3 el festival, con las interpretaciones de las ocho bandas que participaron: KISS OF LIFE, P1Harmony, RIIZE, NMIXX, BOYNEXTDOOR, MAMAMOO+, aespa y ENHYPEN.<\/p>\n\n\n\n<p>Cada actuaci\u00f3n desat\u00f3 gritos ensordecedores y un deslumbrante espect\u00e1culo de luces provenientes de los m\u00f3viles y pulseras LED, que llenaron el auditorio de colores brillantes.<\/p>\n\n\n\n<p>Destacar la colaboraci\u00f3n especial entre diferentes int\u00e9rpretes de las bandas representando el tema de BIZCOCHITO de Rosal\u00eda. \u00a1Una audiencia completamente entregada a la experiencia, viviendo un momento inolvidable!<\/p>\n\n\n\n<p>Desde Korean Power agradecemos profundamente el enorme esfuerzo de KBS, de los artistas y de todo el equipo t\u00e9cnico, quienes ofrecieron un espect\u00e1culo incre\u00edble. Y, sobre todo, gracias a los espectadores de este festival de K-pop tan especial, quienes, a pesar de las dificultades, nos acompa\u00f1aron en esta gran aventura.<\/p>\n\n\n\n<p>Ha quedado claro que el K-Pop no solo es un fen\u00f3meno musical, sino tambi\u00e9n cultural, que ha influenciado a millones de personas en todo el mundo y ha dejado una huella significativa en la Comunidad de Madrid.<\/p>\n\n\n\n<div class=\"wp-block-image\"><figure class=\"aligncenter size-large is-resized\"><img loading=\"lazy\" decoding=\"async\" src=\"https:\/\/larock.com.es\/site\/wp-content\/uploads\/2024\/10\/kpop-24-@nabscabDSC_8142-Mejorado-NR-1024x682.jpg\" alt=\"\" class=\"wp-image-4852\" width=\"839\" height=\"559\" srcset=\"https:\/\/larock.com.es\/site\/wp-content\/uploads\/2024\/10\/kpop-24-@nabscabDSC_8142-Mejorado-NR-1024x682.jpg 1024w, https:\/\/larock.com.es\/site\/wp-content\/uploads\/2024\/10\/kpop-24-@nabscabDSC_8142-Mejorado-NR-300x200.jpg 300w, https:\/\/larock.com.es\/site\/wp-content\/uploads\/2024\/10\/kpop-24-@nabscabDSC_8142-Mejorado-NR-768x512.jpg 768w, https:\/\/larock.com.es\/site\/wp-content\/uploads\/2024\/10\/kpop-24-@nabscabDSC_8142-Mejorado-NR-1536x1023.jpg 1536w, https:\/\/larock.com.es\/site\/wp-content\/uploads\/2024\/10\/kpop-24-@nabscabDSC_8142-Mejorado-NR-1500x1000.jpg 1500w, https:\/\/larock.com.es\/site\/wp-content\/uploads\/2024\/10\/kpop-24-@nabscabDSC_8142-Mejorado-NR-272x182.jpg 272w, https:\/\/larock.com.es\/site\/wp-content\/uploads\/2024\/10\/kpop-24-@nabscabDSC_8142-Mejorado-NR.jpg 1920w\" sizes=\"auto, (max-width: 839px) 100vw, 839px\" \/><\/figure><\/div>\n\n\n\n<p><\/p>\n","protected":false},"excerpt":{"rendered":"<p>El Auditorio Miguel R\u00edos de Rivas Vaciamadrid fue testigo de un encuentro inolvidable y escenario de la celebraci\u00f3n del K- Pop. Music Bank Madrid super\u00f3 con \u00e9xito su primera edici\u00f3n madrile\u00f1a, allanado cada una de las adversidades que encontr\u00f3 en la organizaci\u00f3n. Ni el repentino cambio de recinto ni las inclemencias climatol\u00f3gicas representaron un problema [&hellip;]<\/p>\n","protected":false},"author":2,"featured_media":4851,"comment_status":"closed","ping_status":"open","sticky":false,"template":"","format":"standard","meta":{"footnotes":""},"categories":[24,26,27],"tags":[281,283,282],"class_list":["post-4848","post","type-post","status-publish","format-standard","has-post-thumbnail","hentry","category-conciertos1","category-espectaculos","category-noticias","tag-k-pop","tag-korean-power","tag-music-bank"],"_links":{"self":[{"href":"https:\/\/larock.com.es\/site\/wp-json\/wp\/v2\/posts\/4848","targetHints":{"allow":["GET"]}}],"collection":[{"href":"https:\/\/larock.com.es\/site\/wp-json\/wp\/v2\/posts"}],"about":[{"href":"https:\/\/larock.com.es\/site\/wp-json\/wp\/v2\/types\/post"}],"author":[{"embeddable":true,"href":"https:\/\/larock.com.es\/site\/wp-json\/wp\/v2\/users\/2"}],"replies":[{"embeddable":true,"href":"https:\/\/larock.com.es\/site\/wp-json\/wp\/v2\/comments?post=4848"}],"version-history":[{"count":5,"href":"https:\/\/larock.com.es\/site\/wp-json\/wp\/v2\/posts\/4848\/revisions"}],"predecessor-version":[{"id":4859,"href":"https:\/\/larock.com.es\/site\/wp-json\/wp\/v2\/posts\/4848\/revisions\/4859"}],"wp:featuredmedia":[{"embeddable":true,"href":"https:\/\/larock.com.es\/site\/wp-json\/wp\/v2\/media\/4851"}],"wp:attachment":[{"href":"https:\/\/larock.com.es\/site\/wp-json\/wp\/v2\/media?parent=4848"}],"wp:term":[{"taxonomy":"category","embeddable":true,"href":"https:\/\/larock.com.es\/site\/wp-json\/wp\/v2\/categories?post=4848"},{"taxonomy":"post_tag","embeddable":true,"href":"https:\/\/larock.com.es\/site\/wp-json\/wp\/v2\/tags?post=4848"}],"curies":[{"name":"wp","href":"https:\/\/api.w.org\/{rel}","templated":true}]}}