{"id":4844,"date":"2024-10-09T18:30:26","date_gmt":"2024-10-09T18:30:26","guid":{"rendered":"http:\/\/larock.com.es\/site\/?p=4844"},"modified":"2024-10-09T18:30:26","modified_gmt":"2024-10-09T18:30:26","slug":"maldita-nerea-en-live-las-ventas-con-el-ultimo-secreto-del-ano","status":"publish","type":"post","link":"https:\/\/larock.com.es\/site\/2024\/10\/09\/maldita-nerea-en-live-las-ventas-con-el-ultimo-secreto-del-ano\/","title":{"rendered":"MALDITA NEREA EN LIVE LAS VENTAS CON EL \u00daLTIMO SECRETO DEL A\u00d1O"},"content":{"rendered":"\n<div class=\"wp-block-columns is-layout-flex wp-container-core-columns-is-layout-9d6595d7 wp-block-columns-is-layout-flex\">\n<div class=\"wp-block-column is-layout-flow wp-block-column-is-layout-flow\">\n<div class=\"wp-block-image\"><figure class=\"aligncenter size-large is-resized\"><img loading=\"lazy\" decoding=\"async\" src=\"http:\/\/larock.com.es\/site\/wp-content\/uploads\/2024\/10\/Maldita-Nerea-Live-Las-Ventas-1-1024x683.jpg\" alt=\"\" class=\"wp-image-4845\" width=\"579\" height=\"386\" srcset=\"https:\/\/larock.com.es\/site\/wp-content\/uploads\/2024\/10\/Maldita-Nerea-Live-Las-Ventas-1-1024x683.jpg 1024w, https:\/\/larock.com.es\/site\/wp-content\/uploads\/2024\/10\/Maldita-Nerea-Live-Las-Ventas-1-300x200.jpg 300w, https:\/\/larock.com.es\/site\/wp-content\/uploads\/2024\/10\/Maldita-Nerea-Live-Las-Ventas-1-768x512.jpg 768w, https:\/\/larock.com.es\/site\/wp-content\/uploads\/2024\/10\/Maldita-Nerea-Live-Las-Ventas-1-1536x1024.jpg 1536w, https:\/\/larock.com.es\/site\/wp-content\/uploads\/2024\/10\/Maldita-Nerea-Live-Las-Ventas-1-2048x1365.jpg 2048w, https:\/\/larock.com.es\/site\/wp-content\/uploads\/2024\/10\/Maldita-Nerea-Live-Las-Ventas-1-1500x1000.jpg 1500w, https:\/\/larock.com.es\/site\/wp-content\/uploads\/2024\/10\/Maldita-Nerea-Live-Las-Ventas-1-272x182.jpg 272w\" sizes=\"auto, (max-width: 579px) 100vw, 579px\" \/><\/figure><\/div>\n<\/div>\n<\/div>\n\n\n\n<p><strong>Maldita Nerea <\/strong>escoge Madrid para celebrar el final de un espectacular 2024. El pr\u00f3ximo 27 de diciembre, Maldita Nerea tiene una cita muy especial con sus seguidores en Live Las Ventas en un concierto \u00fanico tras haber agotado todas las entradas en su anterior parada en la capital.<\/p>\n\n\n\n<p><strong>EL \u00daLTIMO SECRETO DEL A\u00d1O<\/strong> se va a convertir en una experiencia irrepetible con un repaso por todas las etapas de la extensa carrera de la banda liderada por Jorge Ruiz, desde el lanzamiento en 2009 de \u201cEl secreto de las tortugas\u201d hasta su \u00faltimo disco de estudio \u201cManual para seres maravillosos\u201d que vio la luz a finales de 2023.<\/p>\n\n\n\n<p><\/p>\n","protected":false},"excerpt":{"rendered":"<p>Maldita Nerea escoge Madrid para celebrar el final de un espectacular 2024. El pr\u00f3ximo 27 de diciembre, Maldita Nerea tiene una cita muy especial con sus seguidores en Live Las Ventas en un concierto \u00fanico tras haber agotado todas las entradas en su anterior parada en la capital. EL \u00daLTIMO SECRETO DEL A\u00d1O se va [&hellip;]<\/p>\n","protected":false},"author":2,"featured_media":4841,"comment_status":"closed","ping_status":"open","sticky":false,"template":"","format":"standard","meta":{"footnotes":""},"categories":[24,26,27],"tags":[237],"class_list":["post-4844","post","type-post","status-publish","format-standard","has-post-thumbnail","hentry","category-conciertos1","category-espectaculos","category-noticias","tag-live-las-ventas"],"_links":{"self":[{"href":"https:\/\/larock.com.es\/site\/wp-json\/wp\/v2\/posts\/4844","targetHints":{"allow":["GET"]}}],"collection":[{"href":"https:\/\/larock.com.es\/site\/wp-json\/wp\/v2\/posts"}],"about":[{"href":"https:\/\/larock.com.es\/site\/wp-json\/wp\/v2\/types\/post"}],"author":[{"embeddable":true,"href":"https:\/\/larock.com.es\/site\/wp-json\/wp\/v2\/users\/2"}],"replies":[{"embeddable":true,"href":"https:\/\/larock.com.es\/site\/wp-json\/wp\/v2\/comments?post=4844"}],"version-history":[{"count":2,"href":"https:\/\/larock.com.es\/site\/wp-json\/wp\/v2\/posts\/4844\/revisions"}],"predecessor-version":[{"id":4847,"href":"https:\/\/larock.com.es\/site\/wp-json\/wp\/v2\/posts\/4844\/revisions\/4847"}],"wp:featuredmedia":[{"embeddable":true,"href":"https:\/\/larock.com.es\/site\/wp-json\/wp\/v2\/media\/4841"}],"wp:attachment":[{"href":"https:\/\/larock.com.es\/site\/wp-json\/wp\/v2\/media?parent=4844"}],"wp:term":[{"taxonomy":"category","embeddable":true,"href":"https:\/\/larock.com.es\/site\/wp-json\/wp\/v2\/categories?post=4844"},{"taxonomy":"post_tag","embeddable":true,"href":"https:\/\/larock.com.es\/site\/wp-json\/wp\/v2\/tags?post=4844"}],"curies":[{"name":"wp","href":"https:\/\/api.w.org\/{rel}","templated":true}]}}