{"id":4829,"date":"2024-09-27T11:13:34","date_gmt":"2024-09-27T11:13:34","guid":{"rendered":"http:\/\/larock.com.es\/site\/?p=4829"},"modified":"2024-09-27T11:19:19","modified_gmt":"2024-09-27T11:19:19","slug":"toteking-el-rey-del-rap-hace-sold-out-en-live-las-ventas","status":"publish","type":"post","link":"https:\/\/larock.com.es\/site\/2024\/09\/27\/toteking-el-rey-del-rap-hace-sold-out-en-live-las-ventas\/","title":{"rendered":"TOTEKING, EL REY DEL RAP, HACE SOLD OUT EN LIVE LAS VENTAS"},"content":{"rendered":"\n<ul class=\"wp-block-list\"><li>El 15 de febrero, el rapero dir\u00e1 adi\u00f3s a los escenarios desde Live Las Ventas tras m\u00e1s de 20 a\u00f1os de exitosa carrera.<\/li><\/ul>\n\n\n\n<div class=\"wp-block-columns is-layout-flex wp-container-core-columns-is-layout-9d6595d7 wp-block-columns-is-layout-flex\">\n<div class=\"wp-block-column is-layout-flow wp-block-column-is-layout-flow\" style=\"flex-basis:100%\">\n<div class=\"wp-block-group\"><div class=\"wp-block-group__inner-container is-layout-flow wp-block-group-is-layout-flow\">\n<div class=\"wp-block-image\"><figure class=\"aligncenter size-large is-resized\"><img loading=\"lazy\" decoding=\"async\" src=\"http:\/\/larock.com.es\/site\/wp-content\/uploads\/2024\/09\/SOLD-OUT-7-1024x1024.png\" alt=\"\" class=\"wp-image-4827\" width=\"529\" height=\"529\" srcset=\"https:\/\/larock.com.es\/site\/wp-content\/uploads\/2024\/09\/SOLD-OUT-7-1024x1024.png 1024w, https:\/\/larock.com.es\/site\/wp-content\/uploads\/2024\/09\/SOLD-OUT-7-300x300.png 300w, https:\/\/larock.com.es\/site\/wp-content\/uploads\/2024\/09\/SOLD-OUT-7-150x150.png 150w, https:\/\/larock.com.es\/site\/wp-content\/uploads\/2024\/09\/SOLD-OUT-7-768x768.png 768w, https:\/\/larock.com.es\/site\/wp-content\/uploads\/2024\/09\/SOLD-OUT-7.png 1081w\" sizes=\"auto, (max-width: 529px) 100vw, 529px\" \/><\/figure><\/div>\n<\/div><\/div>\n<\/div>\n<\/div>\n\n\n\n<p>Toteking, se despide con \u00abLuces Fuera\u00bb tras m\u00e1s de 20 a\u00f1os en la \u00e9lite, ocho discos de \u00e9xito y, actualmente, m\u00e1s de 200 millones de escuchas en streaming.<\/p>\n\n\n\n<p>En su octavo \u00e1lbum encontraremos una apabullante colecci\u00f3n de hits con colaboraciones de la talla de Gera MX, Maikel Delacalle, Dollar, Ill Peke\u00f1o, Ergo Pro, Bejo, Reality o Hoke. Otra obra maestra firmada el rapero sevillano en la que nos invita a empaparnos de la cultura del rap en todas sus manifestaciones de la mano de artistas que nos permiten entender la evoluci\u00f3n del g\u00e9nero y la importancia de la carrera del artista.<\/p>\n","protected":false},"excerpt":{"rendered":"<p>El 15 de febrero, el rapero dir\u00e1 adi\u00f3s a los escenarios desde Live Las Ventas tras m\u00e1s de 20 a\u00f1os de exitosa carrera. Toteking, se despide con \u00abLuces Fuera\u00bb tras m\u00e1s de 20 a\u00f1os en la \u00e9lite, ocho discos de \u00e9xito y, actualmente, m\u00e1s de 200 millones de escuchas en streaming. En su octavo \u00e1lbum [&hellip;]<\/p>\n","protected":false},"author":2,"featured_media":4827,"comment_status":"closed","ping_status":"open","sticky":false,"template":"","format":"standard","meta":{"footnotes":""},"categories":[24,26,27],"tags":[237],"class_list":["post-4829","post","type-post","status-publish","format-standard","has-post-thumbnail","hentry","category-conciertos1","category-espectaculos","category-noticias","tag-live-las-ventas"],"_links":{"self":[{"href":"https:\/\/larock.com.es\/site\/wp-json\/wp\/v2\/posts\/4829","targetHints":{"allow":["GET"]}}],"collection":[{"href":"https:\/\/larock.com.es\/site\/wp-json\/wp\/v2\/posts"}],"about":[{"href":"https:\/\/larock.com.es\/site\/wp-json\/wp\/v2\/types\/post"}],"author":[{"embeddable":true,"href":"https:\/\/larock.com.es\/site\/wp-json\/wp\/v2\/users\/2"}],"replies":[{"embeddable":true,"href":"https:\/\/larock.com.es\/site\/wp-json\/wp\/v2\/comments?post=4829"}],"version-history":[{"count":5,"href":"https:\/\/larock.com.es\/site\/wp-json\/wp\/v2\/posts\/4829\/revisions"}],"predecessor-version":[{"id":4836,"href":"https:\/\/larock.com.es\/site\/wp-json\/wp\/v2\/posts\/4829\/revisions\/4836"}],"wp:featuredmedia":[{"embeddable":true,"href":"https:\/\/larock.com.es\/site\/wp-json\/wp\/v2\/media\/4827"}],"wp:attachment":[{"href":"https:\/\/larock.com.es\/site\/wp-json\/wp\/v2\/media?parent=4829"}],"wp:term":[{"taxonomy":"category","embeddable":true,"href":"https:\/\/larock.com.es\/site\/wp-json\/wp\/v2\/categories?post=4829"},{"taxonomy":"post_tag","embeddable":true,"href":"https:\/\/larock.com.es\/site\/wp-json\/wp\/v2\/tags?post=4829"}],"curies":[{"name":"wp","href":"https:\/\/api.w.org\/{rel}","templated":true}]}}