{"id":4800,"date":"2024-09-25T13:07:40","date_gmt":"2024-09-25T13:07:40","guid":{"rendered":"https:\/\/larock.com.es\/site\/?p=4800"},"modified":"2024-09-25T13:07:41","modified_gmt":"2024-09-25T13:07:41","slug":"inigo-quintero-confirma-su-presencia-en-live-las-ventas","status":"publish","type":"post","link":"https:\/\/larock.com.es\/site\/2024\/09\/25\/inigo-quintero-confirma-su-presencia-en-live-las-ventas\/","title":{"rendered":"I\u00d1IGO QUINTERO CONFIRMA SU PRESENCIA EN LIVE LAS VENTAS"},"content":{"rendered":"\n<div class=\"wp-block-columns is-layout-flex wp-container-core-columns-is-layout-9d6595d7 wp-block-columns-is-layout-flex\">\n<div class=\"wp-block-column is-layout-flow wp-block-column-is-layout-flow\" style=\"flex-basis:100%\">\n<div class=\"wp-block-group\"><div class=\"wp-block-group__inner-container is-layout-flow wp-block-group-is-layout-flow\">\n<div class=\"wp-block-image\"><figure class=\"aligncenter size-large is-resized\"><img loading=\"lazy\" decoding=\"async\" src=\"https:\/\/larock.com.es\/site\/wp-content\/uploads\/2024\/09\/POST-INIGO-QUINTERO-LIVE-LAS-VENTAS-copy-1024x1024.jpg\" alt=\"\" class=\"wp-image-4801\" width=\"554\" height=\"551\"\/><\/figure><\/div>\n<\/div><\/div>\n\n\n\n<h5 class=\"has-text-align-center wp-block-heading\"><strong>El ic\u00f3nico espacio situado dentro de la Plaza De Las Ventas en Madrid acoger\u00e1 el directo del artista el 15 de marzo de 2025<\/strong><\/h5>\n\n\n\n<p>i\u00f1igo quintero, el primer artista espa\u00f1ol que ha logrado alcanzar el n\u00famero 1 mundial en el Top Global de Spotify en solitario, ha confirmado que estar\u00e1 el pr\u00f3ximo 15 de marzo en Live Las Ventas, el espacio de referencia en Madrid que ofrece al espectador una experiencia \u00fanica y a la vanguardia de la m\u00fasica en directo.<\/p>\n\n\n\n<p>Durante la cita, que se encuentra enmarcada dentro de la gira europea que <strong>i\u00f1igo quintero <\/strong>ha anunciado para 2025, los asistentes podr\u00e1n disfrutar en directo de \u00e9xitos mundiales como <a href=\"https:\/\/open.spotify.com\/intl-es\/track\/2HafqoJbgXdtjwCOvNEF14?si=4604b14c846d40d4&amp;nd=1&amp;dlsi=a3a2c53f695e4b78\">Si No Est\u00e1s<\/a>, que va camino de alcanzar 1 bill\u00f3n de streams y que forma parte del EP <a href=\"https:\/\/open.spotify.com\/intl-es\/album\/3dSpkvGKm8sUghxdS1pvwE?si=wm28kldeQAOhXJD7NmmInQ&amp;nd=1&amp;dlsi=35a6115254ab4560\">Es Solo M\u00fasica<\/a>, compuesto por canciones que han demostrado que no hay fronteras ling\u00fc\u00edsticas ni culturales y que han sido coreadas por el p\u00fablico de festivales tan destacados como Rock in Rio, Sziget, FIB, Tinderbox o Arenal Sound, donde el artista ha participado.<\/p>\n\n\n\n<p>Desde que se diera a conocer, <strong>i\u00f1igo quintero<\/strong> ha destacado por su talento tanto a nivel interpretativo como a nivel compositivo, tanto es as\u00ed, que este 2024 ha sido <strong>nominado a los Latin Grammy 2024 como \u201cMejor nuevo artista\u201d<\/strong>.<\/p>\n\n\n\n<p class=\"has-text-align-center\"><strong>Las entradas para disfrutar de i\u00f1igo quintero en Live Las Ventas el pr\u00f3ximo 15 de marzo de 2025 estar\u00e1n disponibles el 30 de septiembre a partir de las 10:00 horas a trav\u00e9s de Ticketmaster<\/strong><\/p>\n<\/div>\n<\/div>\n\n\n\n<p><\/p>\n","protected":false},"excerpt":{"rendered":"<p>El ic\u00f3nico espacio situado dentro de la Plaza De Las Ventas en Madrid acoger\u00e1 el directo del artista el 15 de marzo de 2025 i\u00f1igo quintero, el primer artista espa\u00f1ol que ha logrado alcanzar el n\u00famero 1 mundial en el Top Global de Spotify en solitario, ha confirmado que estar\u00e1 el pr\u00f3ximo 15 de marzo [&hellip;]<\/p>\n","protected":false},"author":2,"featured_media":4801,"comment_status":"closed","ping_status":"open","sticky":false,"template":"","format":"standard","meta":{"footnotes":""},"categories":[24,273,27],"tags":[287,237],"class_list":["post-4800","post","type-post","status-publish","format-standard","has-post-thumbnail","hentry","category-conciertos1","category-live-las-ventas","category-noticias","tag-inigo-quintero","tag-live-las-ventas"],"_links":{"self":[{"href":"https:\/\/larock.com.es\/site\/wp-json\/wp\/v2\/posts\/4800","targetHints":{"allow":["GET"]}}],"collection":[{"href":"https:\/\/larock.com.es\/site\/wp-json\/wp\/v2\/posts"}],"about":[{"href":"https:\/\/larock.com.es\/site\/wp-json\/wp\/v2\/types\/post"}],"author":[{"embeddable":true,"href":"https:\/\/larock.com.es\/site\/wp-json\/wp\/v2\/users\/2"}],"replies":[{"embeddable":true,"href":"https:\/\/larock.com.es\/site\/wp-json\/wp\/v2\/comments?post=4800"}],"version-history":[{"count":2,"href":"https:\/\/larock.com.es\/site\/wp-json\/wp\/v2\/posts\/4800\/revisions"}],"predecessor-version":[{"id":4803,"href":"https:\/\/larock.com.es\/site\/wp-json\/wp\/v2\/posts\/4800\/revisions\/4803"}],"wp:featuredmedia":[{"embeddable":true,"href":"https:\/\/larock.com.es\/site\/wp-json\/wp\/v2\/media\/4801"}],"wp:attachment":[{"href":"https:\/\/larock.com.es\/site\/wp-json\/wp\/v2\/media?parent=4800"}],"wp:term":[{"taxonomy":"category","embeddable":true,"href":"https:\/\/larock.com.es\/site\/wp-json\/wp\/v2\/categories?post=4800"},{"taxonomy":"post_tag","embeddable":true,"href":"https:\/\/larock.com.es\/site\/wp-json\/wp\/v2\/tags?post=4800"}],"curies":[{"name":"wp","href":"https:\/\/api.w.org\/{rel}","templated":true}]}}