{"id":4783,"date":"2024-09-20T12:53:41","date_gmt":"2024-09-20T12:53:41","guid":{"rendered":"https:\/\/larock.com.es\/site\/?p=4783"},"modified":"2024-09-20T12:54:39","modified_gmt":"2024-09-20T12:54:39","slug":"marenostrum-fuengirola-logra-este-ano-un-retorno-economico-de-alrededor-de-50-millones-de-euros-y-la-creacion-de-1700-puestos-de-trabajo","status":"publish","type":"post","link":"https:\/\/larock.com.es\/site\/2024\/09\/20\/marenostrum-fuengirola-logra-este-ano-un-retorno-economico-de-alrededor-de-50-millones-de-euros-y-la-creacion-de-1700-puestos-de-trabajo\/","title":{"rendered":"Marenostrum Fuengirola logra este a\u00f1o un retorno econ\u00f3mico de alrededor de 50 millones de euros y la creaci\u00f3n de 1700 puestos de trabajo"},"content":{"rendered":"\n<div class=\"wp-block-columns is-layout-flex wp-container-core-columns-is-layout-9d6595d7 wp-block-columns-is-layout-flex\">\n<div class=\"wp-block-column is-layout-flow wp-block-column-is-layout-flow\" style=\"flex-basis:100%\">\n<div class=\"wp-block-group\"><div class=\"wp-block-group__inner-container is-layout-flow wp-block-group-is-layout-flow\">\n<div class=\"wp-block-image\"><figure class=\"aligncenter size-large is-resized\"><img loading=\"lazy\" decoding=\"async\" src=\"http:\/\/larock.com.es\/site\/wp-content\/uploads\/2024\/09\/Marenostrum_Fuengirola_Vibras_2024-1-1024x683.jpg\" alt=\"\" class=\"wp-image-4784\" width=\"777\" height=\"518\" srcset=\"https:\/\/larock.com.es\/site\/wp-content\/uploads\/2024\/09\/Marenostrum_Fuengirola_Vibras_2024-1-1024x683.jpg 1024w, https:\/\/larock.com.es\/site\/wp-content\/uploads\/2024\/09\/Marenostrum_Fuengirola_Vibras_2024-1-300x200.jpg 300w, https:\/\/larock.com.es\/site\/wp-content\/uploads\/2024\/09\/Marenostrum_Fuengirola_Vibras_2024-1-768x512.jpg 768w, https:\/\/larock.com.es\/site\/wp-content\/uploads\/2024\/09\/Marenostrum_Fuengirola_Vibras_2024-1-1536x1025.jpg 1536w, https:\/\/larock.com.es\/site\/wp-content\/uploads\/2024\/09\/Marenostrum_Fuengirola_Vibras_2024-1-2048x1366.jpg 2048w, https:\/\/larock.com.es\/site\/wp-content\/uploads\/2024\/09\/Marenostrum_Fuengirola_Vibras_2024-1-1500x1000.jpg 1500w, https:\/\/larock.com.es\/site\/wp-content\/uploads\/2024\/09\/Marenostrum_Fuengirola_Vibras_2024-1-272x182.jpg 272w\" sizes=\"auto, (max-width: 777px) 100vw, 777px\" \/><\/figure><\/div>\n<\/div><\/div>\n\n\n\n<h4 class=\"has-text-align-center wp-block-heading\">El ciclo de conciertos fuengirole\u00f1o ha alcanzado m\u00e1s de 100 millones de impactos con su campa\u00f1a de comunicaci\u00f3n en la novena edici\u00f3n.<\/h4>\n\n\n\n<h4 class=\"has-text-align-center wp-block-heading\">Los 173.575 asistentes agotaron las entradas en uno de cada tres conciertos y la mitad de los espect\u00e1culos estuvieron protagonizados por artistas internacionales.<\/h4>\n\n\n\n<h4 class=\"has-text-align-center wp-block-heading\">Marenostrum Fuengirola prepara su edici\u00f3n m\u00e1s larga de cara a la celebraci\u00f3n de su d\u00e9cimo aniversario.<\/h4>\n\n\n\n<p>Marenostrum Fuengirola ha logrado este a\u00f1o un retorno econ\u00f3mico, seg\u00fan las primeras estimaciones, de alrededor de 50 millones de euros para la ciudad, ha creado 1.700 puestos de trabajo y ha alcanzado m\u00e1s de 100 millones de impactos con su campa\u00f1a de comunicaci\u00f3n y prensa en 2024, su novena edici\u00f3n y la m\u00e1s internacional.<\/p>\n\n\n\n<p>El ciclo de conciertos fuengirole\u00f1o ha sumado 33 d\u00edas de actuaciones, con 70 artistas sobre alguno de sus dos escenarios, de las cuales diecisiete jornadas musicales tuvieron como protagonistas nombres internacionales y once espect\u00e1culos agotaron la venta de entradas. Durante esta pasada temporada, celebrada de mayo a septiembre, se registr\u00f3 un total de 173.575 asistentes de hasta 57 nacionalidades distintas.<\/p>\n\n\n\n<p>As\u00ed, alrededor de 35.000 personas eran de procedencia distinta a la espa\u00f1ola, suponiendo un 20% de los espectadores totales, cuya presencia se dej\u00f3 notar especialmente en las noches del Sohail Jazz Fest, Vibras Marenostrum, Macklemore, Aventura, Man\u00e1, Queens of the Stone Age o los dos d\u00edas de actuaciones finlandesas.<\/p>\n\n\n\n<p>De esta manera, Fuengirola se ha posicionado en el mapa mundial como un destino referente para las giras de artistas internacionales, con nombres como Man\u00e1, Eladio Carri\u00f3n, Macklemore (\u00fanico concierto en Espa\u00f1a), Queens of the Stone Age, Kany Garc\u00eda, Julieta Venegas, Maluma, Mon Laferte, Kurt Rosenwinkel, Gilberto Santa Rosa, Manu Chao o Aventura, quienes eligieron Marenostrum Fuengirola para abrir su gira europea, entre otros.<\/p>\n\n\n\n<p>El \u00e9xito de Marenostrum Fuengirola se ha consolidado gracias a su variedad de estilos dentro de la programaci\u00f3n que cada a\u00f1o preparamos con la intenci\u00f3n de satisfacer todos los gustos y tendencias musicales, a los que se a\u00f1aden siempre noches con los mejores espect\u00e1culos de comedia. Adem\u00e1s, al contar con dos zonas totalmente diferenciadas, permite propuestas de todo tipo, desde las m\u00e1s \u00edntimas en el hist\u00f3rico escenario de Fundaci\u00f3n Unicaja, dentro del Castillo Sohail, a las m\u00e1s multitudinarias en el escenario principal Unicaja.<\/p>\n\n\n\n<p>Gracias a las sinergias creadas entre instituciones y empresas, Marenostrum Fuengirola ha consolidado un proyecto que refuerza el tejido laboral en la ciudad. No en vano, su celebraci\u00f3n ha significado la creaci\u00f3n de 1.700 empleos directos e indirectos para el recinto, ya sea un \u00fanico d\u00eda o durante todo el ciclo.<\/p>\n\n\n\n<p>En cuanto al impacto medi\u00e1tico de Fuengirola \u00e9ste ha vuelto a superarse con una cobertura org\u00e1nica en medios nacionales y locales de m\u00e1s de 1.800 apariciones, demostrando la relevancia de los espect\u00e1culos celebrados, con una repercusi\u00f3n valorada en 14 millones de euros.<\/p>\n\n\n\n<p>Adem\u00e1s, un total de 5,72 millones de personas han visitado el \u00faltimo a\u00f1o la web del ciclo de conciertos www.marenostrumfuengirola.com, habiendo alcanzado hasta 152 pa\u00edses entre los que destacan Reino Unido, Finlandia, Pa\u00edses Bajos, Alemania, Estados Unidos, M\u00e9xico o Argentina, entre otros. En cuanto a las cuentas de Instagram y Facebook, actualmente \u00e9stas suman 88.600 seguidores, consiguiendo asimismo un alcance de 8,4 millones de personas.<\/p>\n\n\n\n<p>Marenostrum Fuengirola ha logrado, entre estas y otras acciones promocionales en Metro de Madrid, Atocha, Granada, Iberia, etc\u2026 m\u00e1s de 100 millones de impactos con su campa\u00f1a de comunicaci\u00f3n 2024, sin contar con la repercusi\u00f3n que los asistentes han producido con sus propias cuentas.<\/p>\n\n\n\n<h6 class=\"wp-block-heading\"><strong>Solidaridad y sostenibilidad<\/strong><\/h6>\n\n\n\n<p>Tanto Unicaja como Fundaci\u00f3n Unicaja apuestan cada a\u00f1o por acercar al p\u00fablico a los artistas de referencia que giran en Espa\u00f1a, impulsando adem\u00e1s con su patrocinio valores asociados a sus objetivos como la inclusividad, el respeto al medio ambiente y la promoci\u00f3n de la cultura.<\/p>\n\n\n\n<p>En este sentido, la Fundaci\u00f3n Unicaja, en l\u00ednea con su vertiente solidaria, acerc\u00f3 la experiencia de la m\u00fasica en directo a m\u00e1s de cuarenta usuarios y familiares de la Asociaci\u00f3n de Voluntarios de Oncolog\u00eda Infantil (AVOI) y la Asociaci\u00f3n Lupus M\u00e1laga y Autoinmunes (ALMA), que asistieron a conciertos del Vibras Marenostrum y Locos Fuengirola.<\/p>\n\n\n\n<p>Por segundo a\u00f1o consecutivo, Repsol facilit\u00f3 su multienerg\u00eda con el objetivo de reducir las emisiones de CO2 de esta novena edici\u00f3n del festival: los grupos electr\u00f3genos alimentaron el escenario principal gracias a sus combustibles 100% renovables; un cubo solar suministr\u00f3 energ\u00eda a servidores y a las oficinas, funcionando como sistema de respaldo el\u00e9ctrico del recinto; una setas solar permiti\u00f3 al p\u00fablico recargar sus m\u00f3viles dentro del recinto; se recogi\u00f3 aceite usado de cocina que sirvi\u00f3 de materia primera para combustible renovable; autobuses propulsados por combustible 100% renovables transport\u00f3 a los asistentes en varios de los conciertos m\u00e1s multitudinarios; y el parking de Marenostrum Fuengirola contar\u00e1 con dos puntos de recarga el\u00e9ctrica para la flota de veh\u00edculos oficiales que dio servicio a toda la organizaci\u00f3n.<\/p>\n\n\n\n<p>En este camino hacia las emisiones neutras, reduciendo cada a\u00f1o el CO2 emitido, se encontr\u00f3 Bmw y Mini Automotor para facilitar veh\u00edculos el\u00e9ctricos que dieron servicio a los traslados de personal e invitados del recinto fuengirole\u00f1o.<\/p>\n\n\n\n<p>Otro de los participantes en el proyecto de Marenostrum Fuengirola 2024, que se alinea en la visi\u00f3n de la sostenibilidad de sus productos junto al recinto fuengirole\u00f1o, han sido Bodegas Pe\u00f1ascal. Un a\u00f1o m\u00e1s, su refrescante ros\u00e9 aport\u00f3 la nota chispeante a las noches de m\u00fasica y espect\u00e1culo del ciclo de conciertos. Un vino burbujeante, afrutado y ecofriendly, ya que sus bodegas fueron pioneras en Espa\u00f1a en ser neutras en carbono y utilizar energ\u00eda 100% renovable. Se convirti\u00f3 en el plan perfecto para la novena edici\u00f3n.<\/p>\n\n\n\n<p>La concienciaci\u00f3n y responsabilidad es otro de los pilares de Marenostrum Fuengirola.<\/p>\n\n\n\n<p>Gestagua facilit\u00f3 cantimploras reutilizables a todo el equipo interno y a los trabajadores de los artistas que visitaron el recinto cada d\u00eda para los conciertos, siguiendo con el enfoque establecido desde el a\u00f1o 2019 en torno a un recinto libre de pl\u00e1sticos de un solo uso. Se instalaron cuatro fuentes de agua en diferentes puntos estrat\u00e9gicos. El escenario Unicaja cont\u00f3 tambi\u00e9n con una fuente disponible para el p\u00fablico asistente a cada uno de los conciertos. En continuaci\u00f3n con la campa\u00f1a de concienciaci\u00f3n \u201cEl Mar Empieza Aqu\u00ed\u201d, se dio el protagonismo a cada persona pasando a llamarse \u201cEl Mar Empieza en Mi\u201d.<\/p>\n\n\n\n<h6 class=\"wp-block-heading\"> M\u00c1S DE MARENOSTRUM FUENGIROLA<\/h6>\n\n\n\n<p>El ciclo musical Marenostrum Fuengirola celebra este 2024 su novena edici\u00f3n. Nacido como una apuesta del Ayuntamiento de Fuengirola para la proyecci\u00f3n de la ciudad a nivel internacional atrayendo talento musical. El recinto fuengirole\u00f1o se establece como un espacio donde la cultura y la m\u00fasica se fusionan para ofrecer al p\u00fablico una experiencia inmersiva a orillas del Mar Mediterr\u00e1neo, resguardado por la historia del Castillo Sohail y la Ciudad Romana de Suel.<\/p>\n\n\n\n<p>El imponente escenario Unicaja, situado en la loma del castillo Sohail, es capaz de albergar una capacidad de m\u00e1s de 18.500 personas. El escenario de peque\u00f1o formato Fundaci\u00f3n Unicaja \/ Castillo Sohail, adquiere la magia cultural recibiendo aquellas actuaciones m\u00e1s \u00edntimas, resguardando en sus murallas hist\u00f3ricas a los 2.400 asistentes que viven y sienten las letras de sus cantantes favoritos desde la m\u00e1s sincera cercan\u00eda.<\/p>\n\n\n\n<p>Gracias al esfuerzo y af\u00e1n de superaci\u00f3n que caracteriza al recinto fuengirole\u00f1o, ha recibido los siguientes reconocimientos: seis nominaciones en los Iberian Festival Awards en el a\u00f1o 2023; Ciclo de Conciertos con mayor asistencia de Espa\u00f1a los a\u00f1os 2022 y 2023. Adem\u00e1s, en su apuesta por la sostenibilidad dentro del plan en el que se trabaja anualmente por la mejora del espacio, fue uno de los nominados finales a \u201cThe Green Operations Award\u201d por los European Festival Awards en 2023.<\/p>\n\n\n\n<p>El recinto se ha establecido como referencia nacional en los conciertos, recibiendo actuaciones que se realizan en los grandes espacios de Madrid y Barcelona. Se ha posicionado como uno de los recintos m\u00e1s atractivos para el p\u00fablico y los artistas. M\u00e1s de 500 grandes artistas han pisado los escenarios del recinto fuengirole\u00f1o. Algunos de ellos son: Jennifer L\u00f3pez, Alejandro Sanz, Manuel Carrasco, Ricky Martin, Juan Luis Guerra, Bob Dylan, Robbie Williams, Rod Stewart, Santana, Ozuna, Feid, Nicky Jam, Bizarrap o la celebraci\u00f3n del festival de Louis Tomlinson en 2022 \u201cThe Away From Home Festival\u201d.<\/p>\n<\/div>\n<\/div>\n\n\n\n<p><\/p>\n","protected":false},"excerpt":{"rendered":"<p>El ciclo de conciertos fuengirole\u00f1o ha alcanzado m\u00e1s de 100 millones de impactos con su campa\u00f1a de comunicaci\u00f3n en la novena edici\u00f3n. Los 173.575 asistentes agotaron las entradas en uno de cada tres conciertos y la mitad de los espect\u00e1culos estuvieron protagonizados por artistas internacionales. Marenostrum Fuengirola prepara su edici\u00f3n m\u00e1s larga de cara a [&hellip;]<\/p>\n","protected":false},"author":2,"featured_media":4785,"comment_status":"closed","ping_status":"open","sticky":false,"template":"","format":"standard","meta":{"footnotes":""},"categories":[24,27],"tags":[37],"class_list":["post-4783","post","type-post","status-publish","format-standard","has-post-thumbnail","hentry","category-conciertos1","category-noticias","tag-marenostrum-fuengirola"],"_links":{"self":[{"href":"https:\/\/larock.com.es\/site\/wp-json\/wp\/v2\/posts\/4783","targetHints":{"allow":["GET"]}}],"collection":[{"href":"https:\/\/larock.com.es\/site\/wp-json\/wp\/v2\/posts"}],"about":[{"href":"https:\/\/larock.com.es\/site\/wp-json\/wp\/v2\/types\/post"}],"author":[{"embeddable":true,"href":"https:\/\/larock.com.es\/site\/wp-json\/wp\/v2\/users\/2"}],"replies":[{"embeddable":true,"href":"https:\/\/larock.com.es\/site\/wp-json\/wp\/v2\/comments?post=4783"}],"version-history":[{"count":4,"href":"https:\/\/larock.com.es\/site\/wp-json\/wp\/v2\/posts\/4783\/revisions"}],"predecessor-version":[{"id":4789,"href":"https:\/\/larock.com.es\/site\/wp-json\/wp\/v2\/posts\/4783\/revisions\/4789"}],"wp:featuredmedia":[{"embeddable":true,"href":"https:\/\/larock.com.es\/site\/wp-json\/wp\/v2\/media\/4785"}],"wp:attachment":[{"href":"https:\/\/larock.com.es\/site\/wp-json\/wp\/v2\/media?parent=4783"}],"wp:term":[{"taxonomy":"category","embeddable":true,"href":"https:\/\/larock.com.es\/site\/wp-json\/wp\/v2\/categories?post=4783"},{"taxonomy":"post_tag","embeddable":true,"href":"https:\/\/larock.com.es\/site\/wp-json\/wp\/v2\/tags?post=4783"}],"curies":[{"name":"wp","href":"https:\/\/api.w.org\/{rel}","templated":true}]}}