{"id":4704,"date":"2024-07-31T15:11:37","date_gmt":"2024-07-31T15:11:37","guid":{"rendered":"https:\/\/larock.com.es\/site\/?p=4704"},"modified":"2024-07-31T15:13:25","modified_gmt":"2024-07-31T15:13:25","slug":"quien-esta-aqui-tour-en-live-las-ventas","status":"publish","type":"post","link":"https:\/\/larock.com.es\/site\/2024\/07\/31\/quien-esta-aqui-tour-en-live-las-ventas\/","title":{"rendered":"QUIEN EST\u00c1 AQU\u00cd? TOUR EN LIVE LAS VENTAS"},"content":{"rendered":"\n<ul class=\"wp-block-list\"><li>Lucho RK el 30 de noviembre de 2024 en Live Las Ventas <\/li><\/ul>\n\n\n\n<div class=\"wp-block-columns is-layout-flex wp-container-core-columns-is-layout-9d6595d7 wp-block-columns-is-layout-flex\">\n<div class=\"wp-block-column is-layout-flow wp-block-column-is-layout-flow\" style=\"flex-basis:100%\">\n<div class=\"wp-block-group\"><div class=\"wp-block-group__inner-container is-layout-flow wp-block-group-is-layout-flow\">\n<div class=\"wp-block-image\"><figure class=\"aligncenter size-large\"><img loading=\"lazy\" decoding=\"async\" width=\"1000\" height=\"1000\" src=\"https:\/\/larock.com.es\/site\/wp-content\/uploads\/2024\/07\/1000x1000-STK-1.png\" alt=\"\" class=\"wp-image-4709\" srcset=\"https:\/\/larock.com.es\/site\/wp-content\/uploads\/2024\/07\/1000x1000-STK-1.png 1000w, https:\/\/larock.com.es\/site\/wp-content\/uploads\/2024\/07\/1000x1000-STK-1-300x300.png 300w, https:\/\/larock.com.es\/site\/wp-content\/uploads\/2024\/07\/1000x1000-STK-1-150x150.png 150w, https:\/\/larock.com.es\/site\/wp-content\/uploads\/2024\/07\/1000x1000-STK-1-768x768.png 768w\" sizes=\"auto, (max-width: 1000px) 100vw, 1000px\" \/><\/figure><\/div>\n<\/div><\/div>\n<\/div>\n<\/div>\n\n\n\n<p>Bienvenidos al \u201cQuien est\u00e1 aqu\u00ed? tour\u201d, una gira para quien no sepa qu\u00e9 artista se presenta este a\u00f1o con m\u00e1s fuerza que nunca\u2026. Lucho RK trae muchas sorpresas para esta nueva vuelta a Espa\u00f1a, en la que va a poner las cartas sobre la mesa para quien lo conoc\u00eda y para quien no.<\/p>\n\n\n\n<p>Entradas a la venta en<strong> <a href=\"https:\/\/www.ticketmaster.es\/event\/41709?brand=base_mb_es\">ticketmaster<\/a><\/strong><\/p>\n","protected":false},"excerpt":{"rendered":"<p>Lucho RK el 30 de noviembre de 2024 en Live Las Ventas Bienvenidos al \u201cQuien est\u00e1 aqu\u00ed? tour\u201d, una gira para quien no sepa qu\u00e9 artista se presenta este a\u00f1o con m\u00e1s fuerza que nunca\u2026. Lucho RK trae muchas sorpresas para esta nueva vuelta a Espa\u00f1a, en la que va a poner las cartas sobre [&hellip;]<\/p>\n","protected":false},"author":2,"featured_media":4705,"comment_status":"closed","ping_status":"open","sticky":false,"template":"","format":"standard","meta":{"footnotes":""},"categories":[24,26,27],"tags":[237],"class_list":["post-4704","post","type-post","status-publish","format-standard","has-post-thumbnail","hentry","category-conciertos1","category-espectaculos","category-noticias","tag-live-las-ventas"],"_links":{"self":[{"href":"https:\/\/larock.com.es\/site\/wp-json\/wp\/v2\/posts\/4704","targetHints":{"allow":["GET"]}}],"collection":[{"href":"https:\/\/larock.com.es\/site\/wp-json\/wp\/v2\/posts"}],"about":[{"href":"https:\/\/larock.com.es\/site\/wp-json\/wp\/v2\/types\/post"}],"author":[{"embeddable":true,"href":"https:\/\/larock.com.es\/site\/wp-json\/wp\/v2\/users\/2"}],"replies":[{"embeddable":true,"href":"https:\/\/larock.com.es\/site\/wp-json\/wp\/v2\/comments?post=4704"}],"version-history":[{"count":4,"href":"https:\/\/larock.com.es\/site\/wp-json\/wp\/v2\/posts\/4704\/revisions"}],"predecessor-version":[{"id":4712,"href":"https:\/\/larock.com.es\/site\/wp-json\/wp\/v2\/posts\/4704\/revisions\/4712"}],"wp:featuredmedia":[{"embeddable":true,"href":"https:\/\/larock.com.es\/site\/wp-json\/wp\/v2\/media\/4705"}],"wp:attachment":[{"href":"https:\/\/larock.com.es\/site\/wp-json\/wp\/v2\/media?parent=4704"}],"wp:term":[{"taxonomy":"category","embeddable":true,"href":"https:\/\/larock.com.es\/site\/wp-json\/wp\/v2\/categories?post=4704"},{"taxonomy":"post_tag","embeddable":true,"href":"https:\/\/larock.com.es\/site\/wp-json\/wp\/v2\/tags?post=4704"}],"curies":[{"name":"wp","href":"https:\/\/api.w.org\/{rel}","templated":true}]}}