{"id":4683,"date":"2024-07-30T12:06:17","date_gmt":"2024-07-30T12:06:17","guid":{"rendered":"https:\/\/larock.com.es\/site\/?p=4683"},"modified":"2024-08-01T11:45:52","modified_gmt":"2024-08-01T11:45:52","slug":"ricky-martin-pone-el-broche-de-oro-a-su-gira-ricky-martin-live-2024-con-un-gran-concierto-en-mallorca","status":"publish","type":"post","link":"https:\/\/larock.com.es\/site\/2024\/07\/30\/ricky-martin-pone-el-broche-de-oro-a-su-gira-ricky-martin-live-2024-con-un-gran-concierto-en-mallorca\/","title":{"rendered":"RICKY MARTIN PONE EL BROCHE DE ORO A SU GIRA \u201cRICKY MARTIN LIVE 2024\u201d CON UN GRAN CONCIERTO EN MALLORCA"},"content":{"rendered":"\n<div class=\"wp-block-columns is-layout-flex wp-container-core-columns-is-layout-9d6595d7 wp-block-columns-is-layout-flex\">\n<div class=\"wp-block-column is-layout-flow wp-block-column-is-layout-flow\" style=\"flex-basis:100%\">\n<div class=\"wp-block-group\"><div class=\"wp-block-group__inner-container is-layout-flow wp-block-group-is-layout-flow\">\n<div class=\"wp-block-image\"><figure class=\"aligncenter size-large is-resized\"><img decoding=\"async\" src=\"http:\/\/larock.com.es\/site\/wp-content\/uploads\/2024\/07\/RICKY-1-NDP-1024x683.png\" alt=\"\" class=\"wp-image-4684\" width=\"-83\" height=\"-55\" srcset=\"https:\/\/larock.com.es\/site\/wp-content\/uploads\/2024\/07\/RICKY-1-NDP-1024x683.png 1024w, https:\/\/larock.com.es\/site\/wp-content\/uploads\/2024\/07\/RICKY-1-NDP-300x200.png 300w, https:\/\/larock.com.es\/site\/wp-content\/uploads\/2024\/07\/RICKY-1-NDP-768x512.png 768w, https:\/\/larock.com.es\/site\/wp-content\/uploads\/2024\/07\/RICKY-1-NDP-272x182.png 272w, https:\/\/larock.com.es\/site\/wp-content\/uploads\/2024\/07\/RICKY-1-NDP.png 1063w\" sizes=\"(max-width: 1024px) 100vw, 1024px\" \/><\/figure><\/div>\n<\/div><\/div>\n<\/div>\n<\/div>\n\n\n\n<h6 class=\"has-text-align-left wp-block-heading\">\u2022 <strong>M\u00e1s de 110.000 personas se han reunido en nuestro pa\u00eds para disfrutar de su espect\u00e1culo, elogiado por su energ\u00eda arrolladora, emoci\u00f3n contagiosa y producci\u00f3n impecable.<\/strong><\/h6>\n\n\n\n<h6 class=\"has-text-align-left wp-block-heading\">\u2022 <strong>El reconocido artista internacional Ricky Martin concluy\u00f3 su exitosa gira por Espa\u00f1a en Mallorca el domingo 28 de julio, tras presentarse en las principales ciudades de la Pen\u00ednsula, Canarias y Baleares.<\/strong>  <\/h6>\n\n\n\n<h6 class=\"has-text-align-left wp-block-heading\">\u2022 <strong>Acompa\u00f1ado de su banda, siete bailarines internacionales y un equipo t\u00e9cnico de 60 personas, Ricky Martin ha deleitado a sus seguidores en cada una de las ciudades que ha visitado, interpretando los grandes \u00e9xitos que lo han convertido en uno de los artistas m\u00e1s reconocidos del mundo.<\/strong><\/h6>\n\n\n\n<p>Con un espectacular concierto en SON FUSTERET, <strong>Ricky Martin<\/strong> ha concluido en Espa\u00f1a su exitosa gira <strong>\u00abRICKY MARTIN LIVE 2024\u00bb<\/strong>. Un tour que daba comienzo el pasado 3 de julio en el IC\u00d3NICA SANTALUC\u00cdA SEVILLA FEST y que ha recorrido las principales ciudades de nuestro pa\u00eds. <\/p>\n\n\n\n<p><strong>Murcia, A Coru\u00f1a, Granada, Badajoz, C\u00e1diz, Madrid, Valencia, Barcelona, Huesca, Marbella, La Palma<\/strong>, adem\u00e1s de <strong>Sevilla<\/strong> y <strong>Mallorca<\/strong>, han tenido el privilegio de recibir en sus escenarios al artista internacional, que tras 40 a\u00f1os de carrera sigue entregando su alma en cada uno de sus conciertos. <strong>M\u00e1s de 110 mil personas<\/strong> se han dado cita en Espa\u00f1a para disfrutar de esta gira y todos han coincidido en afirmar que se trata de un espect\u00e1culo emocionante, con una energ\u00eda arrolladora y una producci\u00f3n impecable. <\/p>\n\n\n\n<p>En toda esta aventura, destaca la profunda conexi\u00f3n que <strong>Ricky Martin<\/strong> establece con su p\u00fablico, palpable en cada ciudad. La inmensa admiraci\u00f3n y cari\u00f1o que el artista suscita se reflejan en cada encuentro, donde sus seguidores aprovechan cualquier oportunidad para expresarle su afecto. <\/p>\n\n\n\n<p>La prensa ha elogiado el dominio de Ricky sobre el escenario, su energ\u00eda y capacidad para cautivar al p\u00fablico. Las cr\u00edticas han resaltado su madurez art\u00edstica y su habilidad para mezclar nostalgia y modernidad, reafirmando su estatus como una leyenda viva de la m\u00fasica latina. <\/p>\n\n\n\n<p>Muchos han sido los momentos de complicidad generados con el p\u00fablico espa\u00f1ol durante esta gira, que han quedado grabados en la historia del tour. Entre ellos, destaca la celebraci\u00f3n de la victoria de Espa\u00f1a en la Eurocopa, que coincidi\u00f3 con su actuaci\u00f3n en C\u00e1diz. En ese evento, Ricky Martin comparti\u00f3 la alegr\u00eda y euforia del triunfo vistiendo la camiseta de la selecci\u00f3n, creando un instante \u00fanico y emocionante para los presentes. Adem\u00e1s, en su paso por Huesca, recibi\u00f3 el <strong>Premio Pirineos Sur<\/strong> a la <strong>&#8216;Diversidad Cultural&#8217;<\/strong>, en reconocimiento a su esfuerzo por utilizar la m\u00fasica y la cultura como herramientas para construir una sociedad mejor. Este galard\u00f3n subraya su firme compromiso con diversas causas sociales y su activismo constante en la defensa de los derechos humanos.<\/p>\n\n\n\n<p>Acompa\u00f1ado de su banda, dirigida por David Cabrera, siete bailarines de diferentes partes del mundo y un equipo t\u00e9cnico de 60 personas, Ricky Martin se ha presentado ante sus seguidores en cada una de las ciudades que ha visitado para interpretar los grandes \u00e9xitos que le han llevado a ser uno de los artistas m\u00e1s reconocidos a nivel mundial.<\/p>\n\n\n\n<div class=\"wp-block-image\"><figure class=\"aligncenter size-large is-resized\"><img decoding=\"async\" src=\"http:\/\/larock.com.es\/site\/wp-content\/uploads\/2024\/07\/RICKY-3-NDP-1024x683.jpg\" alt=\"\" class=\"wp-image-4686\" width=\"-340\" height=\"-226\" srcset=\"https:\/\/larock.com.es\/site\/wp-content\/uploads\/2024\/07\/RICKY-3-NDP-1024x683.jpg 1024w, https:\/\/larock.com.es\/site\/wp-content\/uploads\/2024\/07\/RICKY-3-NDP-300x200.jpg 300w, https:\/\/larock.com.es\/site\/wp-content\/uploads\/2024\/07\/RICKY-3-NDP-768x512.jpg 768w, https:\/\/larock.com.es\/site\/wp-content\/uploads\/2024\/07\/RICKY-3-NDP-1536x1024.jpg 1536w, https:\/\/larock.com.es\/site\/wp-content\/uploads\/2024\/07\/RICKY-3-NDP-1500x1000.jpg 1500w, https:\/\/larock.com.es\/site\/wp-content\/uploads\/2024\/07\/RICKY-3-NDP-272x182.jpg 272w, https:\/\/larock.com.es\/site\/wp-content\/uploads\/2024\/07\/RICKY-3-NDP.jpg 1572w\" sizes=\"(max-width: 1024px) 100vw, 1024px\" \/><\/figure><\/div>\n\n\n\n<p>Durante estas cuatro d\u00e9cadas de admirada y respetada trayectoria art\u00edstica, Ricky Martin ha demostrado una y otra vez porque es considerado uno de los artistas m\u00e1s importantes a nivel mundial. Su gran talento y entrega en el escenario y en sus otras facetas como actor, autor de libros y fil\u00e1ntropo lo han hecho merecedor de importantes galardones en el \u00e1mbito musical incluyendo dos GRAMMY y cuatro Latin GRAMMY, nominaciones al Emmy por sus actuaciones en las series \u201cAssassination of Gianni Versace\u201d y \u201cPalm Royale\u201d, y reconocimientos por su labor filantr\u00f3pica.&nbsp;<\/p>\n\n\n\n<p>Sus incontables giras en nuestro pa\u00eds han hecho que su p\u00fablico lo espere con los brazos abiertos porque saben que lo que ver\u00e1n es a un verdadero artista que siempre ha dejado su alma en el escenario.&nbsp;<\/p>\n\n\n\n<div class=\"wp-block-columns is-layout-flex wp-container-core-columns-is-layout-9d6595d7 wp-block-columns-is-layout-flex\">\n<div class=\"wp-block-column is-layout-flow wp-block-column-is-layout-flow\" style=\"flex-basis:100%\">\n<div class=\"wp-block-image\"><figure class=\"aligncenter size-large is-resized\"><img decoding=\"async\" src=\"http:\/\/larock.com.es\/site\/wp-content\/uploads\/2024\/07\/RICKY-4-NDP-1024x683.png\" alt=\"\" class=\"wp-image-4687\" width=\"-112\" height=\"-75\" srcset=\"https:\/\/larock.com.es\/site\/wp-content\/uploads\/2024\/07\/RICKY-4-NDP-1024x683.png 1024w, https:\/\/larock.com.es\/site\/wp-content\/uploads\/2024\/07\/RICKY-4-NDP-300x200.png 300w, https:\/\/larock.com.es\/site\/wp-content\/uploads\/2024\/07\/RICKY-4-NDP-768x512.png 768w, https:\/\/larock.com.es\/site\/wp-content\/uploads\/2024\/07\/RICKY-4-NDP-272x182.png 272w, https:\/\/larock.com.es\/site\/wp-content\/uploads\/2024\/07\/RICKY-4-NDP.png 1063w\" sizes=\"(max-width: 1024px) 100vw, 1024px\" \/><\/figure><\/div>\n<\/div>\n<\/div>\n","protected":false},"excerpt":{"rendered":"<p>\u2022 M\u00e1s de 110.000 personas se han reunido en nuestro pa\u00eds para disfrutar de su espect\u00e1culo, elogiado por su energ\u00eda arrolladora, emoci\u00f3n contagiosa y producci\u00f3n impecable. \u2022 El reconocido artista internacional Ricky Martin concluy\u00f3 su exitosa gira por Espa\u00f1a en Mallorca el domingo 28 de julio, tras presentarse en las principales ciudades de la Pen\u00ednsula, [&hellip;]<\/p>\n","protected":false},"author":2,"featured_media":4695,"comment_status":"closed","ping_status":"open","sticky":false,"template":"","format":"standard","meta":{"footnotes":""},"categories":[24,26,27],"tags":[],"class_list":["post-4683","post","type-post","status-publish","format-standard","has-post-thumbnail","hentry","category-conciertos1","category-espectaculos","category-noticias"],"_links":{"self":[{"href":"https:\/\/larock.com.es\/site\/wp-json\/wp\/v2\/posts\/4683","targetHints":{"allow":["GET"]}}],"collection":[{"href":"https:\/\/larock.com.es\/site\/wp-json\/wp\/v2\/posts"}],"about":[{"href":"https:\/\/larock.com.es\/site\/wp-json\/wp\/v2\/types\/post"}],"author":[{"embeddable":true,"href":"https:\/\/larock.com.es\/site\/wp-json\/wp\/v2\/users\/2"}],"replies":[{"embeddable":true,"href":"https:\/\/larock.com.es\/site\/wp-json\/wp\/v2\/comments?post=4683"}],"version-history":[{"count":4,"href":"https:\/\/larock.com.es\/site\/wp-json\/wp\/v2\/posts\/4683\/revisions"}],"predecessor-version":[{"id":4715,"href":"https:\/\/larock.com.es\/site\/wp-json\/wp\/v2\/posts\/4683\/revisions\/4715"}],"wp:featuredmedia":[{"embeddable":true,"href":"https:\/\/larock.com.es\/site\/wp-json\/wp\/v2\/media\/4695"}],"wp:attachment":[{"href":"https:\/\/larock.com.es\/site\/wp-json\/wp\/v2\/media?parent=4683"}],"wp:term":[{"taxonomy":"category","embeddable":true,"href":"https:\/\/larock.com.es\/site\/wp-json\/wp\/v2\/categories?post=4683"},{"taxonomy":"post_tag","embeddable":true,"href":"https:\/\/larock.com.es\/site\/wp-json\/wp\/v2\/tags?post=4683"}],"curies":[{"name":"wp","href":"https:\/\/api.w.org\/{rel}","templated":true}]}}