{"id":4671,"date":"2024-07-15T10:01:35","date_gmt":"2024-07-15T10:01:35","guid":{"rendered":"https:\/\/larock.com.es\/site\/?p=4671"},"modified":"2024-07-15T10:01:36","modified_gmt":"2024-07-15T10:01:36","slug":"music-bank-el-evento-de-k-pop-mas-importante-activa-la-preventa-para-su-1a-edicion-en-espana","status":"publish","type":"post","link":"https:\/\/larock.com.es\/site\/2024\/07\/15\/music-bank-el-evento-de-k-pop-mas-importante-activa-la-preventa-para-su-1a-edicion-en-espana\/","title":{"rendered":"MUSIC BANK, EL EVENTO DE K-POP M\u00c1S IMPORTANTE, ACTIVA LA PREVENTA PARA SU 1\u00aa EDICI\u00d3N EN ESPA\u00d1A"},"content":{"rendered":"\n<div class=\"wp-block-columns is-layout-flex wp-container-core-columns-is-layout-9d6595d7 wp-block-columns-is-layout-flex\">\n<div class=\"wp-block-column is-layout-flow wp-block-column-is-layout-flow\" style=\"flex-basis:100%\">\n<div class=\"wp-block-group\"><div class=\"wp-block-group__inner-container is-layout-flow wp-block-group-is-layout-flow\">\n<div class=\"wp-block-image\"><figure class=\"aligncenter size-large is-resized\"><img loading=\"lazy\" decoding=\"async\" src=\"http:\/\/larock.com.es\/site\/wp-content\/uploads\/2024\/07\/1x1-MB24-CARTEL-CON-FOTOS-1024x1024.jpg\" alt=\"\" class=\"wp-image-4651\" width=\"642\" height=\"642\" srcset=\"https:\/\/larock.com.es\/site\/wp-content\/uploads\/2024\/07\/1x1-MB24-CARTEL-CON-FOTOS-1024x1024.jpg 1024w, https:\/\/larock.com.es\/site\/wp-content\/uploads\/2024\/07\/1x1-MB24-CARTEL-CON-FOTOS-300x300.jpg 300w, https:\/\/larock.com.es\/site\/wp-content\/uploads\/2024\/07\/1x1-MB24-CARTEL-CON-FOTOS-150x150.jpg 150w, https:\/\/larock.com.es\/site\/wp-content\/uploads\/2024\/07\/1x1-MB24-CARTEL-CON-FOTOS-768x768.jpg 768w, https:\/\/larock.com.es\/site\/wp-content\/uploads\/2024\/07\/1x1-MB24-CARTEL-CON-FOTOS.jpg 1080w\" sizes=\"auto, (max-width: 642px) 100vw, 642px\" \/><\/figure><\/div>\n\n\n\n<p class=\"has-text-align-center\"><strong><strong>Music Bank, tras anunciar el cartel de la primera edici\u00f3n en la ciudad de Madrid, el pr\u00f3ximo 12 de octubre en el estadio Santiago Bernab\u00e9u, anuncia precios y abre la preventa de entradas, hoy 15 de julio a partir de las 12<\/strong><\/strong>:<strong>00hs<\/strong><\/p>\n\n\n\n<p class=\"has-text-align-center\"><a href=\"https:\/\/koreanpower.seetickets.com\/event\/music-bank-en-madrid\/estadio-santiago-bernabeu\/3092347\">PINCHA AQU\u00cd PARA ACCEDER A LA PREVENTA<\/a><\/p>\n\n\n\n<p><strong><strong>La venta oficial ser\u00e1 a partir del mi\u00e9rcoles 17 de julio a las 12:0<\/strong>0hs<\/strong><\/p>\n\n\n\n<p>Korean Power, la joint venture entre SONDE3 y L.A. ROCK ENTERTAINMENT, trae a ocho de las bandas m\u00e1s importantes del panorama internacional de la m\u00fasica popular coreana.<\/p>\n\n\n\n<p>Music Bank realizar\u00e1 parada en su gira internacional, en el estadio Santiago Bernab\u00e9u de Madrid, despu\u00e9s de haber visitado m\u00e1s de 18 ciudades en Asia, Am\u00e9rica y Europa, sirviendo de plataforma de lanzamiento para estrellas del K-Pop, convirti\u00e9ndose en el evento referente del g\u00e9nero a nivel mundial.<\/p>\n\n\n\n<p>Music Bank World Tour en su decimonovena edici\u00f3n, ser\u00e1 la m\u00e1s ambiciosa hasta la fecha, con un espect\u00e1culo sin parang\u00f3n en el reci\u00e9n renovado Estadio Santiago Bernab\u00e9u donde m\u00e1s de 50.000 fans disfrutar\u00e1n de sus \u00eddolos, y que KBS World retransmitir\u00e1 en directo a todo el planeta.<\/p>\n\n\n\n<p>KBS, uno de los principales canales de radiodifusi\u00f3n publica de Corea del Sur, el MUSIC BANK World Tour cuenta con la garant\u00eda de calidad y profesionalismo. KBS no solo aporta su experiencia en producci\u00f3n de eventos a gran escala, sino que tambi\u00e9n asegura una amplia cobertura medi\u00e1tica y una difusi\u00f3n internacional a trav\u00e9s de sus canales.<\/p>\n\n\n\n<p>ENHYPEN, aespa, BOYNEXTDOOR, RIIZE, NMIXX, KISS OF LIFE, MAMAMOO+ y P1Harmony, ser\u00e1n las bandas responsables de inaugurar esta primera edici\u00f3n.\u00a0<\/p>\n\n\n\n<p>M\u00e1s de tres horas de m\u00fasica y espect\u00e1culo en directo con estas s\u00faper estrellas internacionales que han revolucionado el mercado musical en los \u00faltimos a\u00f1os.<\/p>\n<\/div><\/div>\n\n\n\n<p>Un espect\u00e1culo que contar\u00e1 con una cuidada y excelente producci\u00f3n audiovisual que va mucho m\u00e1s all\u00e1 de lo musical, donde sus componentes deleitar\u00e1n al p\u00fablico con impresionantes coreograf\u00edas y cuidados estilismos a la vanguardia de las tendencias.<\/p>\n\n\n\n<p>Sin duda, un evento que no dejar\u00e1 indiferente y marcar\u00e1 un antes y un despu\u00e9s demostrando por qu\u00e9 es uno de los festivales de mayor relevancia e historia a nivel internacional.<\/p>\n\n\n\n<p><strong>Los precios de las entradas de Music Bank en el Santiago Bernab\u00e9u de Madrid son<\/strong>:\u00a0<\/p>\n\n\n\n<div class=\"wp-block-image\"><figure class=\"aligncenter size-large is-resized\"><img loading=\"lazy\" decoding=\"async\" src=\"https:\/\/larock.com.es\/site\/wp-content\/uploads\/2024\/07\/1x1-MB-PRECIOS-1024x1024.png\" alt=\"\" class=\"wp-image-4673\" width=\"545\" height=\"545\" srcset=\"https:\/\/larock.com.es\/site\/wp-content\/uploads\/2024\/07\/1x1-MB-PRECIOS-1024x1024.png 1024w, https:\/\/larock.com.es\/site\/wp-content\/uploads\/2024\/07\/1x1-MB-PRECIOS-300x300.png 300w, https:\/\/larock.com.es\/site\/wp-content\/uploads\/2024\/07\/1x1-MB-PRECIOS-150x150.png 150w, https:\/\/larock.com.es\/site\/wp-content\/uploads\/2024\/07\/1x1-MB-PRECIOS-768x768.png 768w, https:\/\/larock.com.es\/site\/wp-content\/uploads\/2024\/07\/1x1-MB-PRECIOS.png 1080w\" sizes=\"auto, (max-width: 545px) 100vw, 545px\" \/><\/figure><\/div>\n\n\n\n<div class=\"wp-block-image\"><figure class=\"aligncenter size-large is-resized\"><img loading=\"lazy\" decoding=\"async\" src=\"https:\/\/larock.com.es\/site\/wp-content\/uploads\/2024\/07\/Creatividad-Plano-precios-11-julio-1024x1024.jpeg\" alt=\"\" class=\"wp-image-4672\" width=\"546\" height=\"546\" srcset=\"https:\/\/larock.com.es\/site\/wp-content\/uploads\/2024\/07\/Creatividad-Plano-precios-11-julio-1024x1024.jpeg 1024w, https:\/\/larock.com.es\/site\/wp-content\/uploads\/2024\/07\/Creatividad-Plano-precios-11-julio-300x300.jpeg 300w, https:\/\/larock.com.es\/site\/wp-content\/uploads\/2024\/07\/Creatividad-Plano-precios-11-julio-150x150.jpeg 150w, https:\/\/larock.com.es\/site\/wp-content\/uploads\/2024\/07\/Creatividad-Plano-precios-11-julio-768x767.jpeg 768w, https:\/\/larock.com.es\/site\/wp-content\/uploads\/2024\/07\/Creatividad-Plano-precios-11-julio.jpeg 1081w\" sizes=\"auto, (max-width: 546px) 100vw, 546px\" \/><\/figure><\/div>\n<\/div>\n<\/div>\n\n\n\n<p>Destacar entre las m\u00faltiples opciones de entradas, el\u00a0<strong>PACK DREAMER EXPERIENCE<\/strong>, donde los compradores podr\u00e1n disfrutar, adem\u00e1s de una visi\u00f3n privilegiada del evento, del acceso a la sala premium del Espacio Castellana, un catering de bienvenida antes del show y un tote bag, que incluir\u00e1 una entrada conmemorativa del evento, el cartel y un Lanyard con pase vip.<\/p>\n","protected":false},"excerpt":{"rendered":"<p>Music Bank, tras anunciar el cartel de la primera edici\u00f3n en la ciudad de Madrid, el pr\u00f3ximo 12 de octubre en el estadio Santiago Bernab\u00e9u, anuncia precios y abre la preventa de entradas, hoy 15 de julio a partir de las 12:00hs PINCHA AQU\u00cd PARA ACCEDER A LA PREVENTA La venta oficial ser\u00e1 a partir [&hellip;]<\/p>\n","protected":false},"author":2,"featured_media":4674,"comment_status":"closed","ping_status":"open","sticky":false,"template":"","format":"standard","meta":{"footnotes":""},"categories":[24,26,27],"tags":[281,283,282],"class_list":["post-4671","post","type-post","status-publish","format-standard","has-post-thumbnail","hentry","category-conciertos1","category-espectaculos","category-noticias","tag-k-pop","tag-korean-power","tag-music-bank"],"_links":{"self":[{"href":"https:\/\/larock.com.es\/site\/wp-json\/wp\/v2\/posts\/4671","targetHints":{"allow":["GET"]}}],"collection":[{"href":"https:\/\/larock.com.es\/site\/wp-json\/wp\/v2\/posts"}],"about":[{"href":"https:\/\/larock.com.es\/site\/wp-json\/wp\/v2\/types\/post"}],"author":[{"embeddable":true,"href":"https:\/\/larock.com.es\/site\/wp-json\/wp\/v2\/users\/2"}],"replies":[{"embeddable":true,"href":"https:\/\/larock.com.es\/site\/wp-json\/wp\/v2\/comments?post=4671"}],"version-history":[{"count":2,"href":"https:\/\/larock.com.es\/site\/wp-json\/wp\/v2\/posts\/4671\/revisions"}],"predecessor-version":[{"id":4676,"href":"https:\/\/larock.com.es\/site\/wp-json\/wp\/v2\/posts\/4671\/revisions\/4676"}],"wp:featuredmedia":[{"embeddable":true,"href":"https:\/\/larock.com.es\/site\/wp-json\/wp\/v2\/media\/4674"}],"wp:attachment":[{"href":"https:\/\/larock.com.es\/site\/wp-json\/wp\/v2\/media?parent=4671"}],"wp:term":[{"taxonomy":"category","embeddable":true,"href":"https:\/\/larock.com.es\/site\/wp-json\/wp\/v2\/categories?post=4671"},{"taxonomy":"post_tag","embeddable":true,"href":"https:\/\/larock.com.es\/site\/wp-json\/wp\/v2\/tags?post=4671"}],"curies":[{"name":"wp","href":"https:\/\/api.w.org\/{rel}","templated":true}]}}