{"id":4667,"date":"2024-07-10T19:52:49","date_gmt":"2024-07-10T19:52:49","guid":{"rendered":"http:\/\/larock.com.es\/site\/?p=4667"},"modified":"2024-07-10T19:52:50","modified_gmt":"2024-07-10T19:52:50","slug":"pimpinela-reprograma-su-gira-2024-en-espana","status":"publish","type":"post","link":"https:\/\/larock.com.es\/site\/2024\/07\/10\/pimpinela-reprograma-su-gira-2024-en-espana\/","title":{"rendered":"PIMPINELA REPROGRAMA SU GIRA 2024 EN ESPA\u00d1A"},"content":{"rendered":"\n<div class=\"wp-block-image is-style-default\"><figure class=\"aligncenter size-large is-resized\"><img loading=\"lazy\" decoding=\"async\" src=\"http:\/\/larock.com.es\/site\/wp-content\/uploads\/2024\/01\/PIMPINELA-PRIMERAS-FECHAS-FEED-10.jpg\" alt=\"\" class=\"wp-image-4444\" width=\"542\" height=\"542\" srcset=\"https:\/\/larock.com.es\/site\/wp-content\/uploads\/2024\/01\/PIMPINELA-PRIMERAS-FECHAS-FEED-10.jpg 980w, https:\/\/larock.com.es\/site\/wp-content\/uploads\/2024\/01\/PIMPINELA-PRIMERAS-FECHAS-FEED-10-300x300.jpg 300w, https:\/\/larock.com.es\/site\/wp-content\/uploads\/2024\/01\/PIMPINELA-PRIMERAS-FECHAS-FEED-10-150x150.jpg 150w, https:\/\/larock.com.es\/site\/wp-content\/uploads\/2024\/01\/PIMPINELA-PRIMERAS-FECHAS-FEED-10-768x768.jpg 768w\" sizes=\"auto, (max-width: 542px) 100vw, 542px\" \/><\/figure><\/div>\n\n\n\n<p>Debido a la reciente intervenci\u00f3n quir\u00fargica de Luc\u00eda Gal\u00e1n, lamentamos anunciar que por prescripci\u00f3n m\u00e9dica y de acuerdo a la actividad que realiza, la rehabilitaci\u00f3n para que este en \u00f3ptimas condiciones deber\u00e1 ser m\u00e1s prolongada de lo previsto.<\/p>\n\n\n\n<p>Por tanto, la gira que estaba anunciada para este a\u00f1o 2024 durante los meses de agosto y septiembre se reprogramar\u00e1 para el pr\u00f3ximo a\u00f1o 2025. En breve anunciaremos la nuevas fechas y lugares donde podr\u00e1s disfrutar de nuevo del directo de PIMPINELA.<\/p>\n\n\n\n<p>Desde Concert Tour y L.A. Rock Entertainment, queremos desearle a Luc\u00eda, una pronta recuperaci\u00f3n. Estamos deseando verla en directo.<\/p>\n\n\n\n<p>Agradecemos la gran acogida y confianza que siempre ha demostrado el p\u00fablico de PIMPINELA en Espa\u00f1a.<\/p>\n\n\n\n<p>Tambi\u00e9n queremos dar las gracias a todos los promotores por su excelente trabajo durante todos estos meses.<\/p>\n\n\n\n<p>En nombre de la organizaci\u00f3n queremos pedir disculpas si la situaci\u00f3n en alg\u00fan momento le pudiera ocasionar alguna molestia o inconveniente. As\u00ed mismo, agradecemos la comprensi\u00f3n hacia el artista y dem\u00e1s implicados en este momento delicado.<\/p>\n\n\n\n<p>\u00a1Esperamos volver a veros muy pronto!<\/p>\n\n\n\n<p><\/p>\n","protected":false},"excerpt":{"rendered":"<p>Debido a la reciente intervenci\u00f3n quir\u00fargica de Luc\u00eda Gal\u00e1n, lamentamos anunciar que por prescripci\u00f3n m\u00e9dica y de acuerdo a la actividad que realiza, la rehabilitaci\u00f3n para que este en \u00f3ptimas condiciones deber\u00e1 ser m\u00e1s prolongada de lo previsto. Por tanto, la gira que estaba anunciada para este a\u00f1o 2024 durante los meses de agosto y [&hellip;]<\/p>\n","protected":false},"author":2,"featured_media":4668,"comment_status":"closed","ping_status":"open","sticky":false,"template":"","format":"standard","meta":{"footnotes":""},"categories":[24,27],"tags":[264,263],"class_list":["post-4667","post","type-post","status-publish","format-standard","has-post-thumbnail","hentry","category-conciertos1","category-noticias","tag-gira-siempre-juntos","tag-pimpinela"],"_links":{"self":[{"href":"https:\/\/larock.com.es\/site\/wp-json\/wp\/v2\/posts\/4667","targetHints":{"allow":["GET"]}}],"collection":[{"href":"https:\/\/larock.com.es\/site\/wp-json\/wp\/v2\/posts"}],"about":[{"href":"https:\/\/larock.com.es\/site\/wp-json\/wp\/v2\/types\/post"}],"author":[{"embeddable":true,"href":"https:\/\/larock.com.es\/site\/wp-json\/wp\/v2\/users\/2"}],"replies":[{"embeddable":true,"href":"https:\/\/larock.com.es\/site\/wp-json\/wp\/v2\/comments?post=4667"}],"version-history":[{"count":2,"href":"https:\/\/larock.com.es\/site\/wp-json\/wp\/v2\/posts\/4667\/revisions"}],"predecessor-version":[{"id":4670,"href":"https:\/\/larock.com.es\/site\/wp-json\/wp\/v2\/posts\/4667\/revisions\/4670"}],"wp:featuredmedia":[{"embeddable":true,"href":"https:\/\/larock.com.es\/site\/wp-json\/wp\/v2\/media\/4668"}],"wp:attachment":[{"href":"https:\/\/larock.com.es\/site\/wp-json\/wp\/v2\/media?parent=4667"}],"wp:term":[{"taxonomy":"category","embeddable":true,"href":"https:\/\/larock.com.es\/site\/wp-json\/wp\/v2\/categories?post=4667"},{"taxonomy":"post_tag","embeddable":true,"href":"https:\/\/larock.com.es\/site\/wp-json\/wp\/v2\/tags?post=4667"}],"curies":[{"name":"wp","href":"https:\/\/api.w.org\/{rel}","templated":true}]}}