{"id":4650,"date":"2024-07-05T09:55:30","date_gmt":"2024-07-05T09:55:30","guid":{"rendered":"https:\/\/larock.com.es\/site\/?p=4650"},"modified":"2024-07-09T16:03:46","modified_gmt":"2024-07-09T16:03:46","slug":"music-bank-el-evento-de-k-pop-mas-importante-del-mundo-presenta-el-cartel-de-su-1a-visita-a-madrid","status":"publish","type":"post","link":"https:\/\/larock.com.es\/site\/2024\/07\/05\/music-bank-el-evento-de-k-pop-mas-importante-del-mundo-presenta-el-cartel-de-su-1a-visita-a-madrid\/","title":{"rendered":"MUSIC BANK, EL EVENTO DE K-POP M\u00c1S IMPORTANTE DEL MUNDO, PRESENTA EL CARTEL DE SU 1\u00aa VISITA A MADRID"},"content":{"rendered":"\n<div class=\"wp-block-columns is-layout-flex wp-container-core-columns-is-layout-9d6595d7 wp-block-columns-is-layout-flex\">\n<div class=\"wp-block-column is-layout-flow wp-block-column-is-layout-flow\" style=\"flex-basis:100%\">\n<div class=\"wp-block-group\"><div class=\"wp-block-group__inner-container is-layout-flow wp-block-group-is-layout-flow\">\n<div class=\"wp-block-image\"><figure class=\"aligncenter size-large is-resized\"><img loading=\"lazy\" decoding=\"async\" src=\"http:\/\/larock.com.es\/site\/wp-content\/uploads\/2024\/07\/1x1-MB24-CARTEL-CON-FOTOS-1024x1024.jpg\" alt=\"\" class=\"wp-image-4651\" width=\"642\" height=\"642\" srcset=\"https:\/\/larock.com.es\/site\/wp-content\/uploads\/2024\/07\/1x1-MB24-CARTEL-CON-FOTOS-1024x1024.jpg 1024w, https:\/\/larock.com.es\/site\/wp-content\/uploads\/2024\/07\/1x1-MB24-CARTEL-CON-FOTOS-300x300.jpg 300w, https:\/\/larock.com.es\/site\/wp-content\/uploads\/2024\/07\/1x1-MB24-CARTEL-CON-FOTOS-150x150.jpg 150w, https:\/\/larock.com.es\/site\/wp-content\/uploads\/2024\/07\/1x1-MB24-CARTEL-CON-FOTOS-768x768.jpg 768w, https:\/\/larock.com.es\/site\/wp-content\/uploads\/2024\/07\/1x1-MB24-CARTEL-CON-FOTOS.jpg 1080w\" sizes=\"auto, (max-width: 642px) 100vw, 642px\" \/><\/figure><\/div>\n\n\n\n<p class=\"has-text-align-center\"><strong><strong>Music Bank aterrizar\u00e1 por primera vez en Madrid, el pr\u00f3ximo 12 de octubre en el estadio Santiago Bernab\u00e9u, con ocho de las bandas m\u00e1s importantes del panorama internacional de la m\u00fasica popular coreana.<\/strong><\/strong><\/p>\n\n\n\n<p><strong>Music Bank Festival<\/strong>&nbsp;es una gira internacional de conciertos del&nbsp;<strong>programa Music Bank de KBS<\/strong>&nbsp;(Korean Broadcasting System), uno de los m\u00e1s populares de la<strong>&nbsp;televisi\u00f3n de Corea del Sur<\/strong>.&nbsp;Esta&nbsp;<strong>gira internacional<\/strong>&nbsp;de conciertos se estrena en nuestro pa\u00eds gracias a KBS, que ha visitado&nbsp;<strong>18 ciudades en Asia, Am\u00e9rica y Europa,<\/strong>&nbsp;y ha servido de plataforma de lanzamiento para estrellas del K-Pop como BTS, convirti\u00e9ndose en el&nbsp;<strong>evento referente del g\u00e9nero&nbsp;<\/strong>a nivel mundial.<\/p>\n\n\n\n<p><strong>Su decimonovena edici\u00f3n<\/strong>&nbsp;ser\u00e1 la m\u00e1s ambiciosa hasta la fecha, con un espect\u00e1culo en el reci\u00e9n estrenado estadio&nbsp;<strong>Santiago Bernab\u00e9u,&nbsp;<\/strong>donde miles de personas disfrutar\u00e1n de estas&nbsp;<strong>ocho bandas&nbsp;<\/strong>que hoy se desvelan.<\/p>\n\n\n\n<p>M\u00e1s de&nbsp;tres horas de m\u00fasica&nbsp;y espect\u00e1culo en directo con estas s\u00faper estrellas internacionales que han revolucionado el mercado musical en los \u00faltimos a\u00f1os.<\/p>\n\n\n\n<p>Un espect\u00e1culo que contar\u00e1 con una&nbsp;<strong>cuidada y excelente producci\u00f3n audiovisual&nbsp;<\/strong>que va mucho m\u00e1s all\u00e1 de lo musical, donde sus componentes deleitar\u00e1n al p\u00fablico con impresionantes coreograf\u00edas y cuidados estilismos a la vanguardia de las tendencias.<\/p>\n\n\n\n<p>Sin duda, un&nbsp;<strong>evento&nbsp;<\/strong>que no dejar\u00e1 indiferente y marcar\u00e1 un antes y un despu\u00e9s demostrando por qu\u00e9 es uno de los festivales de<strong>&nbsp;mayor relevancia e historia a nivel internacional.<\/strong><\/p>\n\n\n\n<p><strong>Las entradas saldr\u00e1n a la venta a partir del 17 de julio a las 12.00 (CEST) aunque se podr\u00e1n acceder al la preventa a partir del 15 de julio a las 12.00 (CEST) a trav\u00e9s de<\/strong> <strong><a rel=\"noreferrer noopener\" href=\"https:\/\/www.seetickets.com\/es\" target=\"_blank\">https:\/\/www.seetickets.com\/es<\/a><\/strong><\/p>\n\n\n\n<p>Para&nbsp;<strong>acceder a la preventa<\/strong>&nbsp;se ha facilitado la posibilidad de registro previo en la<strong>&nbsp;plataforma de&nbsp;<a href=\"http:\/\/koreanpower.es\/\" target=\"_blank\" rel=\"noreferrer noopener\">koreanpower.es<\/a>&nbsp;<\/strong><\/p>\n\n\n\n<p>En los<strong>&nbsp;pr\u00f3ximos d\u00edas se ampliar\u00e1 toda la informaci\u00f3n<\/strong>&nbsp;acerca de los diferentes tipos de&nbsp;<strong>localizaciones y precios.<\/strong><\/p>\n\n\n\n<p>Se espera que este espect\u00e1culo atraiga a fans de toda Europa, posicionando a Madrid en ciudad referente dentro del mapa del K-Pop mundial.<\/p>\n<\/div><\/div>\n<\/div>\n<\/div>\n\n\n\n<p><\/p>\n","protected":false},"excerpt":{"rendered":"<p>Music Bank aterrizar\u00e1 por primera vez en Madrid, el pr\u00f3ximo 12 de octubre en el estadio Santiago Bernab\u00e9u, con ocho de las bandas m\u00e1s importantes del panorama internacional de la m\u00fasica popular coreana. Music Bank Festival&nbsp;es una gira internacional de conciertos del&nbsp;programa Music Bank de KBS&nbsp;(Korean Broadcasting System), uno de los m\u00e1s populares de la&nbsp;televisi\u00f3n [&hellip;]<\/p>\n","protected":false},"author":2,"featured_media":4651,"comment_status":"closed","ping_status":"open","sticky":false,"template":"","format":"standard","meta":{"footnotes":""},"categories":[24,26,27],"tags":[281,283,282],"class_list":["post-4650","post","type-post","status-publish","format-standard","has-post-thumbnail","hentry","category-conciertos1","category-espectaculos","category-noticias","tag-k-pop","tag-korean-power","tag-music-bank"],"_links":{"self":[{"href":"https:\/\/larock.com.es\/site\/wp-json\/wp\/v2\/posts\/4650","targetHints":{"allow":["GET"]}}],"collection":[{"href":"https:\/\/larock.com.es\/site\/wp-json\/wp\/v2\/posts"}],"about":[{"href":"https:\/\/larock.com.es\/site\/wp-json\/wp\/v2\/types\/post"}],"author":[{"embeddable":true,"href":"https:\/\/larock.com.es\/site\/wp-json\/wp\/v2\/users\/2"}],"replies":[{"embeddable":true,"href":"https:\/\/larock.com.es\/site\/wp-json\/wp\/v2\/comments?post=4650"}],"version-history":[{"count":5,"href":"https:\/\/larock.com.es\/site\/wp-json\/wp\/v2\/posts\/4650\/revisions"}],"predecessor-version":[{"id":4665,"href":"https:\/\/larock.com.es\/site\/wp-json\/wp\/v2\/posts\/4650\/revisions\/4665"}],"wp:featuredmedia":[{"embeddable":true,"href":"https:\/\/larock.com.es\/site\/wp-json\/wp\/v2\/media\/4651"}],"wp:attachment":[{"href":"https:\/\/larock.com.es\/site\/wp-json\/wp\/v2\/media?parent=4650"}],"wp:term":[{"taxonomy":"category","embeddable":true,"href":"https:\/\/larock.com.es\/site\/wp-json\/wp\/v2\/categories?post=4650"},{"taxonomy":"post_tag","embeddable":true,"href":"https:\/\/larock.com.es\/site\/wp-json\/wp\/v2\/tags?post=4650"}],"curies":[{"name":"wp","href":"https:\/\/api.w.org\/{rel}","templated":true}]}}