{"id":4647,"date":"2024-07-05T08:25:15","date_gmt":"2024-07-05T08:25:15","guid":{"rendered":"https:\/\/larock.com.es\/site\/?p=4647"},"modified":"2024-09-10T11:01:57","modified_gmt":"2024-09-10T11:01:57","slug":"preparate-para-la-noche-de-tu-vida-rock-the-night-llega-a-live-las-ventas","status":"publish","type":"post","link":"https:\/\/larock.com.es\/site\/2024\/07\/05\/preparate-para-la-noche-de-tu-vida-rock-the-night-llega-a-live-las-ventas\/","title":{"rendered":"Prep\u00e1rate para la noche de tu vida: ROCK THE NIGHT llega a LIVE LAS VENTAS"},"content":{"rendered":"\n<div class=\"wp-block-columns is-layout-flex wp-container-core-columns-is-layout-9d6595d7 wp-block-columns-is-layout-flex\">\n<div class=\"wp-block-column is-layout-flow wp-block-column-is-layout-flow\" style=\"flex-basis:100%\">\n<div class=\"wp-block-group\"><div class=\"wp-block-group__inner-container is-layout-flow wp-block-group-is-layout-flow\">\n<figure class=\"wp-block-gallery aligncenter columns-1 is-cropped wp-block-gallery-1 is-layout-flex wp-block-gallery-is-layout-flex\"><ul class=\"blocks-gallery-grid\"><li class=\"blocks-gallery-item\"><figure><img loading=\"lazy\" decoding=\"async\" width=\"1024\" height=\"1024\" src=\"http:\/\/larock.com.es\/site\/wp-content\/uploads\/2024\/07\/0307_RTN_RRSS_1080x1080-1-1024x1024.jpg\" alt=\"\" data-id=\"4645\" data-full-url=\"http:\/\/larock.com.es\/site\/wp-content\/uploads\/2024\/07\/0307_RTN_RRSS_1080x1080-1.jpg\" data-link=\"https:\/\/larock.com.es\/site\/venta-de-entradas\/0307_rtn_rrss_1080x1080-1\/\" class=\"wp-image-4645\" srcset=\"https:\/\/larock.com.es\/site\/wp-content\/uploads\/2024\/07\/0307_RTN_RRSS_1080x1080-1-1024x1024.jpg 1024w, https:\/\/larock.com.es\/site\/wp-content\/uploads\/2024\/07\/0307_RTN_RRSS_1080x1080-1-300x300.jpg 300w, https:\/\/larock.com.es\/site\/wp-content\/uploads\/2024\/07\/0307_RTN_RRSS_1080x1080-1-150x150.jpg 150w, https:\/\/larock.com.es\/site\/wp-content\/uploads\/2024\/07\/0307_RTN_RRSS_1080x1080-1-768x768.jpg 768w, https:\/\/larock.com.es\/site\/wp-content\/uploads\/2024\/07\/0307_RTN_RRSS_1080x1080-1.jpg 1080w\" sizes=\"auto, (max-width: 1024px) 100vw, 1024px\" \/><\/figure><\/li><\/ul><\/figure>\n<\/div><\/div>\n<\/div>\n<\/div>\n\n\n\n<p>El 23 de noviembre, la hist\u00f3rica Plaza de Toros de Las Ventas se transformar\u00e1 en el epicentro del rock con el esperado espect\u00e1culo \u00abROCK THE NIGHT\u00bb. Este evento, que promete ser la fiesta m\u00e1s \u00e9pica del a\u00f1o, ser\u00e1 una explosi\u00f3n de adrenalina y pasi\u00f3n por la m\u00fasica que no te querr\u00e1s perder.<\/p>\n\n\n\n<p>Durante cuatro horas ininterrumpidas, \u00abROCK THE NIGHT\u00bb te llevar\u00e1 en un viaje sonoro inigualable, con poderosas guitarras, ritmos contundentes y letras que resonar\u00e1n en lo m\u00e1s profundo de tu alma. El evento contar\u00e1 con la presencia de nuestro RockDJ, invitados especiales, una banda de rock en vivo y, sorprendentemente, un cuarteto de cuerda, creando una fusi\u00f3n \u00fanica de sonidos que te har\u00e1 vibrar hasta el \u00faltimo acorde.<\/p>\n\n\n\n<p>Acomp\u00e1\u00f1anos en un viaje desde The Cavern en Liverpool hasta Whisky a Go Go en Los \u00c1ngeles, desde el estadio de Wembley hasta Woodstock. Recorreremos clubes abarrotados, grandes festivales y las noches locas del Strip de Hollywood. Disfruta de una noche con Queen, Bon Jovi, The Beatles, AC\/DC, Metallica, The Who, Van Halen, The Rolling Stones, Jimi Hendrix, Led Zeppelin, Whitesnake, Nirvana, Pink Floyd, y MUCHOS m\u00e1s, en la fiesta m\u00e1s salvaje.<\/p>\n\n\n\n<p>Dirigido por Danny Gomez, producido por L.A. Rock y TOXIC PROD., y con el apoyo de RockFM y M\u00fasica con Sentido, la emoci\u00f3n y la energ\u00eda estar\u00e1n garantizadas. \u00abROCK THE NIGHT\u00bb te ofrecer\u00e1 un espect\u00e1culo inolvidable con cl\u00e1sicos atemporales y arreglos impresionantes. Cada himno legendario ha sido cuidadosamente seleccionado para mantenerte inmerso y emocionado durante toda la noche.<\/p>\n\n\n\n<p>Este evento no solo es una celebraci\u00f3n del rock, sino una experiencia emocional completa. Vivir\u00e1s momentos de euforia, nostalgia y pura emoci\u00f3n, conect\u00e1ndote a un nivel m\u00e1s profundo con la m\u00fasica y otros fan\u00e1ticos. Es una oportunidad para dejar atr\u00e1s las preocupaciones y dejarse llevar por la magia del ROCK con may\u00fasculas.<\/p>\n\n\n\n<p>Al finalizar la noche, cuando las luces se aten\u00faen, te ir\u00e1s con el coraz\u00f3n y la mente llenos de recuerdos inolvidables. \u00abROCK THE NIGHT\u00bb no es solo un concierto ni una fiesta; es una experiencia transformadora que quedar\u00e1 grabada en tu memoria para siempre.<\/p>\n\n\n\n<p>\u00a1No te pierdas esta oportunidad \u00fanica de celebrar la grandeza del rock en un entorno espectacular! Consigue tus entradas y prep\u00e1rate para vivir la fiesta m\u00e1s \u00e9pica del a\u00f1o.<\/p>\n\n\n\n<p>Entradas a la venta en<strong> <a href=\"https:\/\/www.ticketmaster.es\/event\/41249?subchannel_id=11808&amp;brand=base_mb_es\">ticketmaster<\/a><\/strong><\/p>\n","protected":false},"excerpt":{"rendered":"<p>El 23 de noviembre, la hist\u00f3rica Plaza de Toros de Las Ventas se transformar\u00e1 en el epicentro del rock con el esperado espect\u00e1culo \u00abROCK THE NIGHT\u00bb. Este evento, que promete ser la fiesta m\u00e1s \u00e9pica del a\u00f1o, ser\u00e1 una explosi\u00f3n de adrenalina y pasi\u00f3n por la m\u00fasica que no te querr\u00e1s perder. Durante cuatro horas [&hellip;]<\/p>\n","protected":false},"author":2,"featured_media":4645,"comment_status":"closed","ping_status":"open","sticky":false,"template":"","format":"standard","meta":{"footnotes":""},"categories":[24,26,27],"tags":[237],"class_list":["post-4647","post","type-post","status-publish","format-standard","has-post-thumbnail","hentry","category-conciertos1","category-espectaculos","category-noticias","tag-live-las-ventas"],"_links":{"self":[{"href":"https:\/\/larock.com.es\/site\/wp-json\/wp\/v2\/posts\/4647","targetHints":{"allow":["GET"]}}],"collection":[{"href":"https:\/\/larock.com.es\/site\/wp-json\/wp\/v2\/posts"}],"about":[{"href":"https:\/\/larock.com.es\/site\/wp-json\/wp\/v2\/types\/post"}],"author":[{"embeddable":true,"href":"https:\/\/larock.com.es\/site\/wp-json\/wp\/v2\/users\/2"}],"replies":[{"embeddable":true,"href":"https:\/\/larock.com.es\/site\/wp-json\/wp\/v2\/comments?post=4647"}],"version-history":[{"count":3,"href":"https:\/\/larock.com.es\/site\/wp-json\/wp\/v2\/posts\/4647\/revisions"}],"predecessor-version":[{"id":4726,"href":"https:\/\/larock.com.es\/site\/wp-json\/wp\/v2\/posts\/4647\/revisions\/4726"}],"wp:featuredmedia":[{"embeddable":true,"href":"https:\/\/larock.com.es\/site\/wp-json\/wp\/v2\/media\/4645"}],"wp:attachment":[{"href":"https:\/\/larock.com.es\/site\/wp-json\/wp\/v2\/media?parent=4647"}],"wp:term":[{"taxonomy":"category","embeddable":true,"href":"https:\/\/larock.com.es\/site\/wp-json\/wp\/v2\/categories?post=4647"},{"taxonomy":"post_tag","embeddable":true,"href":"https:\/\/larock.com.es\/site\/wp-json\/wp\/v2\/tags?post=4647"}],"curies":[{"name":"wp","href":"https:\/\/api.w.org\/{rel}","templated":true}]}}