{"id":4640,"date":"2024-07-03T16:21:09","date_gmt":"2024-07-03T16:21:09","guid":{"rendered":"https:\/\/larock.com.es\/site\/?p=4640"},"modified":"2024-07-03T16:22:15","modified_gmt":"2024-07-03T16:22:15","slug":"ricky-martin-live-2024","status":"publish","type":"post","link":"https:\/\/larock.com.es\/site\/2024\/07\/03\/ricky-martin-live-2024\/","title":{"rendered":"RICKY MARTIN LIVE 2024"},"content":{"rendered":"\n<div class=\"wp-block-columns is-layout-flex wp-container-core-columns-is-layout-9d6595d7 wp-block-columns-is-layout-flex\">\n<div class=\"wp-block-column is-layout-flow wp-block-column-is-layout-flow\" style=\"flex-basis:100%\">\n<div class=\"wp-block-group\"><div class=\"wp-block-group__inner-container is-layout-flow wp-block-group-is-layout-flow\">\n<div class=\"wp-block-image\"><figure class=\"aligncenter size-large\"><img loading=\"lazy\" decoding=\"async\" width=\"512\" height=\"640\" src=\"http:\/\/larock.com.es\/site\/wp-content\/uploads\/2024\/05\/RICKY-STORY-OK.jpg\" alt=\"\" class=\"wp-image-4568\" srcset=\"https:\/\/larock.com.es\/site\/wp-content\/uploads\/2024\/05\/RICKY-STORY-OK.jpg 512w, https:\/\/larock.com.es\/site\/wp-content\/uploads\/2024\/05\/RICKY-STORY-OK-240x300.jpg 240w\" sizes=\"auto, (max-width: 512px) 100vw, 512px\" \/><\/figure><\/div>\n<\/div><\/div>\n<\/div>\n<\/div>\n\n\n\n<h2 class=\"has-text-align-left wp-block-heading\">Ricky Mart\u00edn ya est\u00e1 en Espa\u00f1a para comenzar su gira por nuestro pa\u00eds.<\/h2>\n\n\n\n<p>El cantante puertorrique\u00f1o debuta hoy en el Ic\u00f3nica Santaluc\u00eda Fest de Sevilla en la que ser\u00e1 la primera de varias actuaciones que realizar\u00e1 el artista en su gira <strong>RICKY MARTIN LIVE 2024<\/strong> por Espa\u00f1a. En total, ofrecer\u00e1 14 conciertos hasta el pr\u00f3ximo 28 de julio.<\/p>\n\n\n\n<p>Tras el concierto en la capital hispalense, recorrer\u00e1 ciudades como Murcia, Granada, C\u00e1diz, Madrid, Barcelona y La Palma, entre otras. Cada concierto promete ser una experiencia inolvidable para los miles de seguidores que ya han conseguido sus entradas, disponibles a trav\u00e9s de los canales de venta oficiales.<\/p>\n\n\n\n<p>Tras cuatro d\u00e9cadas sobre los escenarios, el cantante sigue revolucionando la industria musical con un show espectacular con sorpresas \u00abmuy especiales\u00bb y una producci\u00f3n de primer nivel. Estar\u00e1 acompa\u00f1ado por su talentosa banda y un grupo de bailarines que elevar\u00e1n la experiencia con coreograf\u00edas impresionantes. Adem\u00e1s, se podr\u00e1 disfrutar de sus grandes \u00e9xitos:&nbsp;<strong><em>Livin La Vida Loca, P\u00e9gate o Vuelve<\/em><\/strong>, entre muchas otras.<\/p>\n\n\n\n<p><\/p>\n\n\n\n<p><\/p>\n\n\n\n<p><strong>RICKY MARTIN LIVE 2024 \u2013 Fechas a continuaci\u00f3n:<\/strong><\/p>\n\n\n\n<p>Mi\u00e9rcoles, 3 julio \u2013&nbsp;<strong>Sevilla \u2013&nbsp;<\/strong>&nbsp;IC\u00d3NICA SANTALUC\u00cdA \u2013&nbsp;&nbsp;<a href=\"https:\/\/iconicafest.com\/\">Sevilla Fest iconicafest.com<\/a><\/p>\n\n\n\n<p>Viernes, 5 julio \u2013&nbsp;<strong>Murcia<\/strong>&nbsp;\u2013 Festival Murcia On \u2013&nbsp;&nbsp;<a href=\"https:\/\/murciaon.com\/\">Murciaon.com<\/a><\/p>\n\n\n\n<p>S\u00e1bado,6 julio \u2013&nbsp;<strong>Pozoblanco<\/strong>&nbsp;\u2013 Recinto Ferial \u2013&nbsp;<a href=\"https:\/\/www.ticketmaster.es\/event\/40873?brand=base_mb_es\">Ticketmaster.es<\/a><\/p>\n\n\n\n<p>Martes, 9 julio \u2013&nbsp;<strong>A Coru\u00f1a<\/strong>&nbsp;\u2013 Coliseum \u2013&nbsp;<a href=\"https:\/\/www.entradas.com\/artist\/ricky-martin\/?affiliate=EES\">entradas.com<\/a><\/p>\n\n\n\n<p>Jueves, 11 julio \u2013&nbsp;<strong>Granada<\/strong>&nbsp;\u2013 Plaza de Toros \u2013&nbsp;<a href=\"https:\/\/www.ticketmaster.es\/event\/ricky-martin-entradas\/40865\">Ticketmaster.es<\/a><\/p>\n\n\n\n<p>S\u00e1bado, 13 julio \u2013&nbsp;<strong>Badajoz<\/strong>&nbsp;\u2013 Alcazaba Festival \u2013&nbsp;<a href=\"https:\/\/alcazabafestival.com\/\">alcazabafestival.com<\/a><\/p>\n\n\n\n<p>Domingo, 14 julio \u2013&nbsp;<strong>C\u00e1diz<\/strong>&nbsp;\u2013 Concert Music Fetsival \u2013&nbsp;<a href=\"https:\/\/concertmusicfestival.com\/\">concertmusicfestival.com<\/a><\/p>\n\n\n\n<p>Mi\u00e9rcoles, 17 julio \u2013&nbsp;<strong>Madrid<\/strong>&nbsp;\u2013 Wizink Center \u2013&nbsp;<a href=\"https:\/\/mitaquilla.com\/\">elcorteingles.es\/mitaquilla.com<\/a><\/p>\n\n\n\n<p>Viernes, 19 julio \u2013&nbsp;<strong>Valencia<\/strong>&nbsp;\u2013 Marina Sur \u2013&nbsp;<a href=\"https:\/\/mitaquilla.com\/\">elcorteingles.es\/mitaquilla.com<\/a><\/p>\n\n\n\n<p>S\u00e1bado, 20 julio \u2013&nbsp;<strong>Barcelona<\/strong>&nbsp;\u2013 Palau Sant Jordi \u2013&nbsp;<a href=\"https:\/\/mitaquilla.com\/\">elcorteingles.es\/mitaquilla.com<\/a><\/p>\n\n\n\n<p>Martes, 23 julio \u2013&nbsp;<strong>Huesca<\/strong>&nbsp;\u2013 Lanuza Pirineos Sur \u2013&nbsp;<a href=\"https:\/\/feverup.com\/es\/huesca\/pirineos-sur-2024\">feverup.com<\/a><\/p>\n\n\n\n<p>S\u00e1bado, 27 julio \u2013&nbsp;<strong>La Palma<\/strong>&nbsp;\u2013 Isla Bonita Love Festival \u2013&nbsp;<a href=\"https:\/\/www.islabonitalovefestival.es\/\">islabonitalovefestival.es<\/a><\/p>\n\n\n\n<p>Domingo, 28 julio \u2013&nbsp;<strong>Palma de Mallorca<\/strong>&nbsp;\u2013 Trui Son Fusteret \u2013&nbsp;<a href=\"https:\/\/mitaquilla.com\/\">elcorteingles.es\/mitaquilla.com<\/a><\/p>\n\n\n\n<p><\/p>\n\n\n\n<p><\/p>\n\n\n\n<p><\/p>\n","protected":false},"excerpt":{"rendered":"<p>Ricky Mart\u00edn ya est\u00e1 en Espa\u00f1a para comenzar su gira por nuestro pa\u00eds. El cantante puertorrique\u00f1o debuta hoy en el Ic\u00f3nica Santaluc\u00eda Fest de Sevilla en la que ser\u00e1 la primera de varias actuaciones que realizar\u00e1 el artista en su gira RICKY MARTIN LIVE 2024 por Espa\u00f1a. En total, ofrecer\u00e1 14 conciertos hasta el pr\u00f3ximo [&hellip;]<\/p>\n","protected":false},"author":2,"featured_media":4568,"comment_status":"closed","ping_status":"open","sticky":false,"template":"","format":"standard","meta":{"footnotes":""},"categories":[24,26,27],"tags":[],"class_list":["post-4640","post","type-post","status-publish","format-standard","has-post-thumbnail","hentry","category-conciertos1","category-espectaculos","category-noticias"],"_links":{"self":[{"href":"https:\/\/larock.com.es\/site\/wp-json\/wp\/v2\/posts\/4640","targetHints":{"allow":["GET"]}}],"collection":[{"href":"https:\/\/larock.com.es\/site\/wp-json\/wp\/v2\/posts"}],"about":[{"href":"https:\/\/larock.com.es\/site\/wp-json\/wp\/v2\/types\/post"}],"author":[{"embeddable":true,"href":"https:\/\/larock.com.es\/site\/wp-json\/wp\/v2\/users\/2"}],"replies":[{"embeddable":true,"href":"https:\/\/larock.com.es\/site\/wp-json\/wp\/v2\/comments?post=4640"}],"version-history":[{"count":4,"href":"https:\/\/larock.com.es\/site\/wp-json\/wp\/v2\/posts\/4640\/revisions"}],"predecessor-version":[{"id":4644,"href":"https:\/\/larock.com.es\/site\/wp-json\/wp\/v2\/posts\/4640\/revisions\/4644"}],"wp:featuredmedia":[{"embeddable":true,"href":"https:\/\/larock.com.es\/site\/wp-json\/wp\/v2\/media\/4568"}],"wp:attachment":[{"href":"https:\/\/larock.com.es\/site\/wp-json\/wp\/v2\/media?parent=4640"}],"wp:term":[{"taxonomy":"category","embeddable":true,"href":"https:\/\/larock.com.es\/site\/wp-json\/wp\/v2\/categories?post=4640"},{"taxonomy":"post_tag","embeddable":true,"href":"https:\/\/larock.com.es\/site\/wp-json\/wp\/v2\/tags?post=4640"}],"curies":[{"name":"wp","href":"https:\/\/api.w.org\/{rel}","templated":true}]}}