{"id":4621,"date":"2024-07-02T16:14:37","date_gmt":"2024-07-02T16:14:37","guid":{"rendered":"https:\/\/larock.com.es\/site\/?p=4621"},"modified":"2024-07-02T16:22:57","modified_gmt":"2024-07-02T16:22:57","slug":"vibras-regresa-a-marenostrum-el-13-de-julio","status":"publish","type":"post","link":"https:\/\/larock.com.es\/site\/2024\/07\/02\/vibras-regresa-a-marenostrum-el-13-de-julio\/","title":{"rendered":"VIBRAS vuelve a Marenostrum el 13 de julio"},"content":{"rendered":"\n<div class=\"wp-block-columns is-layout-flex wp-container-core-columns-is-layout-9d6595d7 wp-block-columns-is-layout-flex\">\n<div class=\"wp-block-column is-layout-flow wp-block-column-is-layout-flow\" style=\"flex-basis:100%\">\n<div class=\"wp-block-group\"><div class=\"wp-block-group__inner-container is-layout-flow wp-block-group-is-layout-flow\">\n<div class=\"wp-block-columns is-layout-flex wp-container-core-columns-is-layout-9d6595d7 wp-block-columns-is-layout-flex\">\n<div class=\"wp-block-column is-layout-flow wp-block-column-is-layout-flow\" style=\"flex-basis:100%\">\n<div class=\"wp-block-columns is-layout-flex wp-container-core-columns-is-layout-9d6595d7 wp-block-columns-is-layout-flex\">\n<div class=\"wp-block-column is-layout-flow wp-block-column-is-layout-flow\" style=\"flex-basis:100%\">\n<div class=\"wp-block-image\"><figure class=\"aligncenter size-large is-resized\"><img loading=\"lazy\" decoding=\"async\" src=\"https:\/\/larock.com.es\/site\/wp-content\/uploads\/2024\/07\/1080x1350-1-818x1024.jpg\" alt=\"\" class=\"wp-image-4623\" width=\"483\" height=\"605\" srcset=\"https:\/\/larock.com.es\/site\/wp-content\/uploads\/2024\/07\/1080x1350-1-818x1024.jpg 818w, https:\/\/larock.com.es\/site\/wp-content\/uploads\/2024\/07\/1080x1350-1-240x300.jpg 240w, https:\/\/larock.com.es\/site\/wp-content\/uploads\/2024\/07\/1080x1350-1-768x961.jpg 768w, https:\/\/larock.com.es\/site\/wp-content\/uploads\/2024\/07\/1080x1350-1-1227x1536.jpg 1227w, https:\/\/larock.com.es\/site\/wp-content\/uploads\/2024\/07\/1080x1350-1.jpg 1372w\" sizes=\"auto, (max-width: 483px) 100vw, 483px\" \/><\/figure><\/div>\n<\/div>\n<\/div>\n<\/div>\n<\/div>\n<\/div><\/div>\n<\/div>\n<\/div>\n\n\n\n<p><strong>Vibras Marenostrum<\/strong>&nbsp;regresa este verano a&nbsp;<strong>Fuengirola&nbsp;<\/strong>en la que ser\u00e1 su segunda edici\u00f3n tras el \u00e9xito del a\u00f1o pasado. <\/p>\n\n\n\n<p>El primero de los confirmados a esta celebraci\u00f3n es&nbsp;<strong>Maluma<\/strong>, uno de los artistas m\u00e1s conocidos en el panorama urbano internacional gracias a su trayectoria de \u00e9xitos musicales. En el a\u00f1o 2012 debutaba con su primer \u00e1lbum de estudio&nbsp;<em>Magia<\/em>&nbsp;y desde ese momento su carrera musical ha sido exponencial. Con el paso de los a\u00f1os nos ha dejado algunos de los temazos m\u00e1s bailados como:&nbsp;<strong>Felices los 4<\/strong>&nbsp;o&nbsp;<strong>Hawaii<\/strong>, entre otras muchas.<\/p>\n\n\n\n<p><strong>Lunay&nbsp;<\/strong>es el segundo artista confirmado para el cartel de esta edici\u00f3n. Tras saltar a la fama por su remezcla de su canci\u00f3n \u00ab<strong>Soltera<\/strong>\u00bb con&nbsp;<strong>Daddy Yankee y Bad Bunny<\/strong>, su carrera se ha disparado. Otra raz\u00f3n de peso para no perderte este ic\u00f3nico evento en&nbsp;Fuengirola.&nbsp;<\/p>\n\n\n\n<p>Si eres fan del pop urbano y de los mejores artistas del panorama musical prep\u00e1rate para vivir una velada \u00fanica. Disfrutar\u00e1s de un&nbsp;escenario \u00fanico al aire libre&nbsp;y con vistas al mar mientras vives en directo las canciones de los mejores artistas. \u00a1Una experiencia musical m\u00e1gica!&nbsp;<\/p>\n\n\n\n<p>Recuerda: El pr\u00f3ximo&nbsp;<strong>13&nbsp;de julio<\/strong>&nbsp;en&nbsp;<strong>Vibras<\/strong>&nbsp;te espera&nbsp;<strong>Maluma, Lunay&nbsp;<\/strong>y muchos m\u00e1s artistas por confirmar&#8230;<\/p>\n\n\n\n<p>\u00bfEst\u00e1is listos para bailar a ritmo de las mejores vibras? <\/p>\n\n\n\n<p><a href=\"https:\/\/marenostrumfuengirola.janto.es\/espectaculo\/vibras-marenostrum-2024\/VIBRASMARE2024\"><strong>Entradas a la venta<\/strong><\/a><\/p>\n","protected":false},"excerpt":{"rendered":"<p>Vibras Marenostrum&nbsp;regresa este verano a&nbsp;Fuengirola&nbsp;en la que ser\u00e1 su segunda edici\u00f3n tras el \u00e9xito del a\u00f1o pasado. El primero de los confirmados a esta celebraci\u00f3n es&nbsp;Maluma, uno de los artistas m\u00e1s conocidos en el panorama urbano internacional gracias a su trayectoria de \u00e9xitos musicales. En el a\u00f1o 2012 debutaba con su primer \u00e1lbum de estudio&nbsp;Magia&nbsp;y [&hellip;]<\/p>\n","protected":false},"author":2,"featured_media":4623,"comment_status":"closed","ping_status":"open","sticky":false,"template":"","format":"standard","meta":{"footnotes":""},"categories":[24,26,27],"tags":[31,37,286],"class_list":["post-4621","post","type-post","status-publish","format-standard","has-post-thumbnail","hentry","category-conciertos1","category-espectaculos","category-noticias","tag-conciertos","tag-marenostrum-fuengirola","tag-vibras"],"_links":{"self":[{"href":"https:\/\/larock.com.es\/site\/wp-json\/wp\/v2\/posts\/4621","targetHints":{"allow":["GET"]}}],"collection":[{"href":"https:\/\/larock.com.es\/site\/wp-json\/wp\/v2\/posts"}],"about":[{"href":"https:\/\/larock.com.es\/site\/wp-json\/wp\/v2\/types\/post"}],"author":[{"embeddable":true,"href":"https:\/\/larock.com.es\/site\/wp-json\/wp\/v2\/users\/2"}],"replies":[{"embeddable":true,"href":"https:\/\/larock.com.es\/site\/wp-json\/wp\/v2\/comments?post=4621"}],"version-history":[{"count":5,"href":"https:\/\/larock.com.es\/site\/wp-json\/wp\/v2\/posts\/4621\/revisions"}],"predecessor-version":[{"id":4632,"href":"https:\/\/larock.com.es\/site\/wp-json\/wp\/v2\/posts\/4621\/revisions\/4632"}],"wp:featuredmedia":[{"embeddable":true,"href":"https:\/\/larock.com.es\/site\/wp-json\/wp\/v2\/media\/4623"}],"wp:attachment":[{"href":"https:\/\/larock.com.es\/site\/wp-json\/wp\/v2\/media?parent=4621"}],"wp:term":[{"taxonomy":"category","embeddable":true,"href":"https:\/\/larock.com.es\/site\/wp-json\/wp\/v2\/categories?post=4621"},{"taxonomy":"post_tag","embeddable":true,"href":"https:\/\/larock.com.es\/site\/wp-json\/wp\/v2\/tags?post=4621"}],"curies":[{"name":"wp","href":"https:\/\/api.w.org\/{rel}","templated":true}]}}