{"id":4572,"date":"2024-05-29T12:40:33","date_gmt":"2024-05-29T12:40:33","guid":{"rendered":"https:\/\/larock.com.es\/site\/?p=4572"},"modified":"2024-06-07T09:14:24","modified_gmt":"2024-06-07T09:14:24","slug":"ricky-martin-regresa-a-espana-con-una-serie-de-conciertos-en-julio","status":"publish","type":"post","link":"https:\/\/larock.com.es\/site\/2024\/05\/29\/ricky-martin-regresa-a-espana-con-una-serie-de-conciertos-en-julio\/","title":{"rendered":"RICKY MARTIN regresa a Espa\u00f1a con una serie de conciertos en julio"},"content":{"rendered":"\n<div class=\"wp-block-columns is-layout-flex wp-container-core-columns-is-layout-9d6595d7 wp-block-columns-is-layout-flex\">\n<div class=\"wp-block-column is-layout-flow wp-block-column-is-layout-flow\" style=\"flex-basis:100%\">\n<div class=\"wp-block-group\"><div class=\"wp-block-group__inner-container is-layout-flow wp-block-group-is-layout-flow\">\n<div class=\"wp-block-image\"><figure class=\"aligncenter size-large\"><img loading=\"lazy\" decoding=\"async\" width=\"512\" height=\"640\" src=\"http:\/\/larock.com.es\/site\/wp-content\/uploads\/2024\/05\/RICKY-STORY-OK.jpg\" alt=\"\" class=\"wp-image-4568\" srcset=\"https:\/\/larock.com.es\/site\/wp-content\/uploads\/2024\/05\/RICKY-STORY-OK.jpg 512w, https:\/\/larock.com.es\/site\/wp-content\/uploads\/2024\/05\/RICKY-STORY-OK-240x300.jpg 240w\" sizes=\"auto, (max-width: 512px) 100vw, 512px\" \/><\/figure><\/div>\n<\/div><\/div>\n<\/div>\n<\/div>\n\n\n\n<h2 class=\"wp-block-heading\">A petici\u00f3n del p\u00fablico, Ricky Martin vuelve a Espa\u00f1a en julio de 2024 con la nueva serie de conciertos \u201cRicky Martin Live 2024\u201d con presentaciones en Sevilla, Madrid, Barcelona, Granada, Valencia y Palma de Mallorca, entre otras ciudades<\/h2>\n\n\n\n<h2 class=\"wp-block-heading\">Las entradas ya est\u00e1n disponibles a trav\u00e9s de los canales de venta oficiales<\/h2>\n\n\n\n<p>Desde sus dos \u00faltimas presentaciones completamente agotadas en el Starlite de Marbella en verano de 2023, el p\u00fablico espa\u00f1ol, a trav\u00e9s de sus redes sociales, le ha pedido a Ricky Martin que regrese a Espa\u00f1a y hoy, finalmente, las compa\u00f1\u00edas promotoras 6 Pasos, Proactiv Entertainment y L.A. Rock, anunciaron oficialmente 13 fechas de conciertos en su formato pop, que se llevar\u00e1n a cabo en las principales ciudades durante el mes de julio de 2024.<\/p>\n\n\n\n<p>Ricky, conocido por dar los mejores directos a lo largo de su exitosa trayectoria art\u00edstica, ya inici\u00f3 la preparaci\u00f3n de lo que ser\u00e1&nbsp;<strong>RICKY MARTIN LIVE 2024<\/strong>, que incluir\u00e1 su larga lista de \u00e9xitos acompa\u00f1ado de su banda y bailarines, bajo una gran producci\u00f3n y puesta en escena.<\/p>\n\n\n\n<p>La serie de conciertos comenzar\u00e1 el 3 de julio en IC\u00d3NICA SANTALUC\u00cdA Sevilla Fest, para luego recorrer otras ciudades incluyendo Murcia, Granada, C\u00e1diz, Madrid, Valencia, Palma de Mallorca o La Palma, entre otras.<\/p>\n\n\n\n<p>Cabe destacar que durante los \u00faltimos seis meses, adem\u00e1s de recibir excelentes rese\u00f1as de su concierto dentro de la exitosa gira \u201cThe Trilogy Tour\u201d, donde comparti\u00f3 escenario con los artistas Enrique Iglesias y Pitbull en Estados Unidos y Canad\u00e1, Ricky ha recibido elogios por parte de la prensa especializada gracias a su gran actuaci\u00f3n en la serie de televisi\u00f3n&nbsp;<strong>Palm Royale<\/strong>, disponible actualmente en la plataforma Apple TV + y en la participa junto a un elenco estelar de Hollywood incluyendo a Kristen Wiig, Carol Burnett, Allison Janney, Josh Lucas y Laura Dern, entre otros.<\/p>\n\n\n\n<p>Tal como lo ha hecho en toda su carrera, Ricky contin\u00faa ampliando su talento a diferentes \u00e1reas del arte, sin abandonar su gran pasi\u00f3n: la m\u00fasica. Pr\u00f3xima parada: ESPA\u00d1A.<\/p>\n\n\n\n<p><strong>RICKY MARTIN LIVE 2024 \u2013 Fechas a continuaci\u00f3n:<\/strong><\/p>\n\n\n\n<p>Mi\u00e9rcoles, 3 julio \u2013&nbsp;<strong>Sevilla \u2013&nbsp;<\/strong>&nbsp;IC\u00d3NICA SANTALUC\u00cdA \u2013&nbsp;&nbsp;<a href=\"https:\/\/iconicafest.com\/\">Sevilla Fest iconicafest.co<\/a>m<\/p>\n\n\n\n<p>Viernes, 5 julio \u2013&nbsp;<strong>Murcia<\/strong>&nbsp;\u2013 Festival Murcia On \u2013&nbsp;&nbsp;<a href=\"https:\/\/murciaon.com\/\">Murciaon.com<\/a><\/p>\n\n\n\n<p>S\u00e1bado,6 julio \u2013&nbsp;<strong>Pozoblanco<\/strong>&nbsp;\u2013 Recinto Ferial \u2013&nbsp;<a href=\"https:\/\/www.ticketmaster.es\/event\/40873?brand=base_mb_es\">Ticketmaster.es<\/a><\/p>\n\n\n\n<p>Martes, 9 julio \u2013&nbsp;<strong>A Coru\u00f1a<\/strong>&nbsp;\u2013 Coliseum \u2013&nbsp;<a href=\"https:\/\/www.entradas.com\/artist\/ricky-martin\/?affiliate=EES\">entradas.com<\/a><\/p>\n\n\n\n<p>Jueves, 11 julio \u2013&nbsp;<strong>Granada<\/strong>&nbsp;\u2013 Plaza de Toros \u2013&nbsp;<a href=\"https:\/\/www.ticketmaster.es\/event\/ricky-martin-entradas\/40865\">Ticketmaster.es<\/a><\/p>\n\n\n\n<p>S\u00e1bado, 13 julio \u2013&nbsp;<strong>Badajoz<\/strong>&nbsp;\u2013 Alcazaba Festival \u2013&nbsp;<a href=\"https:\/\/alcazabafestival.com\/\">alcazabafestival.com<\/a><\/p>\n\n\n\n<p>Domingo, 14 julio \u2013&nbsp;<strong>C\u00e1diz<\/strong>&nbsp;\u2013 Concert Music Fetsival \u2013&nbsp;<a href=\"https:\/\/concertmusicfestival.com\/\">concertmusicfestival.com<\/a><\/p>\n\n\n\n<p>Mi\u00e9rcoles, 17 julio \u2013&nbsp;<strong>Madrid<\/strong>&nbsp;\u2013 Wizink Center \u2013&nbsp;<a href=\"https:\/\/mitaquilla.com\/\">elcorteingles.es\/mitaquilla.com<\/a><\/p>\n\n\n\n<p>Viernes, 19 julio \u2013&nbsp;<strong>Valencia<\/strong>&nbsp;\u2013 Marina Sur \u2013&nbsp;<a href=\"https:\/\/mitaquilla.com\/\">elcorteingles.es\/mitaquilla.com<\/a><\/p>\n\n\n\n<p>S\u00e1bado, 20 julio \u2013&nbsp;<strong>Barcelona<\/strong>&nbsp;\u2013 Palau Sant Jordi \u2013&nbsp;<a href=\"https:\/\/mitaquilla.com\/\">elcorteingles.es\/mitaquilla.com<\/a><\/p>\n\n\n\n<p>Martes, 23 julio \u2013&nbsp;<strong>Huesca<\/strong>&nbsp;\u2013 Lanuza Pirineos Sur \u2013&nbsp;<a href=\"https:\/\/feverup.com\/es\/huesca\/pirineos-sur-2024\">feverup.com<\/a><\/p>\n\n\n\n<p>S\u00e1bado, 27 julio \u2013&nbsp;<strong>La Palma<\/strong>&nbsp;\u2013 Isla Bonita Love Festival \u2013&nbsp;<a href=\"https:\/\/www.islabonitalovefestival.es\/\">islabonitalovefestival.es<\/a><\/p>\n\n\n\n<p>Domingo, 28 julio \u2013&nbsp;<strong>Palma de Mallorca<\/strong>&nbsp;\u2013 Trui Son Fusteret \u2013&nbsp;<a href=\"https:\/\/mitaquilla.com\/\">elcorteingles.es\/mitaquilla.com<\/a><\/p>\n\n\n\n<p><a href=\"https:\/\/www.ticketmaster.es\/event\/40625?subchannel_id=11808&amp;brand=base_mb_es\">Entradas ya a la venta en ticketmaster.es<\/a><\/p>\n\n\n\n<p><\/p>\n\n\n\n<p><\/p>\n","protected":false},"excerpt":{"rendered":"<p>A petici\u00f3n del p\u00fablico, Ricky Martin vuelve a Espa\u00f1a en julio de 2024 con la nueva serie de conciertos \u201cRicky Martin Live 2024\u201d con presentaciones en Sevilla, Madrid, Barcelona, Granada, Valencia y Palma de Mallorca, entre otras ciudades Las entradas ya est\u00e1n disponibles a trav\u00e9s de los canales de venta oficiales Desde sus dos \u00faltimas [&hellip;]<\/p>\n","protected":false},"author":2,"featured_media":4568,"comment_status":"closed","ping_status":"open","sticky":false,"template":"","format":"standard","meta":{"footnotes":""},"categories":[24,26,27],"tags":[275,237,285],"class_list":["post-4572","post","type-post","status-publish","format-standard","has-post-thumbnail","hentry","category-conciertos1","category-espectaculos","category-noticias","tag-conciertos-en-madrid","tag-live-las-ventas","tag-siempre-asi"],"_links":{"self":[{"href":"https:\/\/larock.com.es\/site\/wp-json\/wp\/v2\/posts\/4572","targetHints":{"allow":["GET"]}}],"collection":[{"href":"https:\/\/larock.com.es\/site\/wp-json\/wp\/v2\/posts"}],"about":[{"href":"https:\/\/larock.com.es\/site\/wp-json\/wp\/v2\/types\/post"}],"author":[{"embeddable":true,"href":"https:\/\/larock.com.es\/site\/wp-json\/wp\/v2\/users\/2"}],"replies":[{"embeddable":true,"href":"https:\/\/larock.com.es\/site\/wp-json\/wp\/v2\/comments?post=4572"}],"version-history":[{"count":4,"href":"https:\/\/larock.com.es\/site\/wp-json\/wp\/v2\/posts\/4572\/revisions"}],"predecessor-version":[{"id":4577,"href":"https:\/\/larock.com.es\/site\/wp-json\/wp\/v2\/posts\/4572\/revisions\/4577"}],"wp:featuredmedia":[{"embeddable":true,"href":"https:\/\/larock.com.es\/site\/wp-json\/wp\/v2\/media\/4568"}],"wp:attachment":[{"href":"https:\/\/larock.com.es\/site\/wp-json\/wp\/v2\/media?parent=4572"}],"wp:term":[{"taxonomy":"category","embeddable":true,"href":"https:\/\/larock.com.es\/site\/wp-json\/wp\/v2\/categories?post=4572"},{"taxonomy":"post_tag","embeddable":true,"href":"https:\/\/larock.com.es\/site\/wp-json\/wp\/v2\/tags?post=4572"}],"curies":[{"name":"wp","href":"https:\/\/api.w.org\/{rel}","templated":true}]}}