{"id":4561,"date":"2024-05-03T14:58:38","date_gmt":"2024-05-03T14:58:38","guid":{"rendered":"https:\/\/larock.com.es\/site\/?p=4561"},"modified":"2024-05-03T14:58:38","modified_gmt":"2024-05-03T14:58:38","slug":"siempre-asi-gira-2024-siempre-mahareta","status":"publish","type":"post","link":"https:\/\/larock.com.es\/site\/2024\/05\/03\/siempre-asi-gira-2024-siempre-mahareta\/","title":{"rendered":"SIEMPRE AS\u00cd GIRA 2024 \u00bb SIEMPRE MAHARETA\u00bb"},"content":{"rendered":"\n<ul class=\"wp-block-list\"><li>EL 9 de noviembre en Live Las Ventas<\/li><\/ul>\n\n\n\n<div class=\"wp-block-columns is-layout-flex wp-container-core-columns-is-layout-9d6595d7 wp-block-columns-is-layout-flex\">\n<div class=\"wp-block-column is-layout-flow wp-block-column-is-layout-flow\" style=\"flex-basis:100%\">\n<div class=\"wp-block-group\"><div class=\"wp-block-group__inner-container is-layout-flow wp-block-group-is-layout-flow\">\n<div class=\"wp-block-image\"><figure class=\"aligncenter size-large\"><img loading=\"lazy\" decoding=\"async\" width=\"1024\" height=\"1024\" src=\"http:\/\/larock.com.es\/site\/wp-content\/uploads\/2024\/05\/1080x1080-1024x1024.jpg\" alt=\"\" class=\"wp-image-4550\" srcset=\"https:\/\/larock.com.es\/site\/wp-content\/uploads\/2024\/05\/1080x1080-1024x1024.jpg 1024w, https:\/\/larock.com.es\/site\/wp-content\/uploads\/2024\/05\/1080x1080-300x300.jpg 300w, https:\/\/larock.com.es\/site\/wp-content\/uploads\/2024\/05\/1080x1080-150x150.jpg 150w, https:\/\/larock.com.es\/site\/wp-content\/uploads\/2024\/05\/1080x1080-768x768.jpg 768w, https:\/\/larock.com.es\/site\/wp-content\/uploads\/2024\/05\/1080x1080.jpg 1080w\" sizes=\"auto, (max-width: 1024px) 100vw, 1024px\" \/><\/figure><\/div>\n<\/div><\/div>\n<\/div>\n<\/div>\n\n\n\n<p>1994 es el a\u00f1o del lanzamiento de \u201cMAHARETA\u201d, su disco m\u00e1s emblem\u00e1tico y el que catapult\u00f3 a Siempre As\u00ed hacia un publico masivo. Un nuevo aniversario para celebrar en la Gira 2024 de estos sevillanos universales que llevan 32 a\u00f1os ininterrumpidos en los escenarios, algo que define su trascendencia musical en varias generaciones y lo colocan entre los artistas espa\u00f1oles en activo de carrera m\u00e1s dilatada e importante trayectoria.<\/p>\n\n\n\n<p>La imagen de la guitarra que cre\u00f3 el gran dise\u00f1ador gr\u00e1fico Pedro Caba\u00f1as para la portada de \u201cMAHARETA\u201d, es para Siempre As\u00ed algo parecido a lo que significa \u00abla lengua\u00bb para los Rolling Stones, un icono que los identifica a primera vista y que en su d\u00eda fue un dise\u00f1o muy revolucionario en el entorno de la m\u00fasica popular andaluza.<\/p>\n\n\n\n<p>En esta nueva gira, esa imagen de la guitarra vuelve a tomar protagonismo junto a las canciones de \u201cMAHARETA\u201d, el \u00e1lbum al que rinden homenaje y que contiene la mayor\u00eda de sus canciones de m\u00e1s \u00e9xito: \u201cMis versos\u201d, \u201cMira Coraz\u00f3n\u201d \u201cSiempre As\u00ed\u201d, \u201c Para volver a volver\u201d, \u201cSe me va\u201d, \u201cEn un rinc\u00f3n del alma\u201d o la archiconocida versi\u00f3n de \u201cA mi manera\u201d que ha dado la vuelta al mundo con el ritmo de la rumba elegante y el sello inconfundible de estos siete andaluces que siguen triunfando all\u00e1 por donde van.&nbsp;<\/p>\n\n\n\n<p><a href=\"https:\/\/www.ticketmaster.es\/event\/40625?subchannel_id=11808&amp;brand=base_mb_es\">Entradas ya a la venta en ticketmaster.es<\/a><\/p>\n\n\n\n<p><\/p>\n\n\n\n<p><\/p>\n","protected":false},"excerpt":{"rendered":"<p>EL 9 de noviembre en Live Las Ventas 1994 es el a\u00f1o del lanzamiento de \u201cMAHARETA\u201d, su disco m\u00e1s emblem\u00e1tico y el que catapult\u00f3 a Siempre As\u00ed hacia un publico masivo. Un nuevo aniversario para celebrar en la Gira 2024 de estos sevillanos universales que llevan 32 a\u00f1os ininterrumpidos en los escenarios, algo que define [&hellip;]<\/p>\n","protected":false},"author":2,"featured_media":4550,"comment_status":"closed","ping_status":"open","sticky":false,"template":"","format":"standard","meta":{"footnotes":""},"categories":[24,26,27],"tags":[275,237,285],"class_list":["post-4561","post","type-post","status-publish","format-standard","has-post-thumbnail","hentry","category-conciertos1","category-espectaculos","category-noticias","tag-conciertos-en-madrid","tag-live-las-ventas","tag-siempre-asi"],"_links":{"self":[{"href":"https:\/\/larock.com.es\/site\/wp-json\/wp\/v2\/posts\/4561","targetHints":{"allow":["GET"]}}],"collection":[{"href":"https:\/\/larock.com.es\/site\/wp-json\/wp\/v2\/posts"}],"about":[{"href":"https:\/\/larock.com.es\/site\/wp-json\/wp\/v2\/types\/post"}],"author":[{"embeddable":true,"href":"https:\/\/larock.com.es\/site\/wp-json\/wp\/v2\/users\/2"}],"replies":[{"embeddable":true,"href":"https:\/\/larock.com.es\/site\/wp-json\/wp\/v2\/comments?post=4561"}],"version-history":[{"count":2,"href":"https:\/\/larock.com.es\/site\/wp-json\/wp\/v2\/posts\/4561\/revisions"}],"predecessor-version":[{"id":4563,"href":"https:\/\/larock.com.es\/site\/wp-json\/wp\/v2\/posts\/4561\/revisions\/4563"}],"wp:featuredmedia":[{"embeddable":true,"href":"https:\/\/larock.com.es\/site\/wp-json\/wp\/v2\/media\/4550"}],"wp:attachment":[{"href":"https:\/\/larock.com.es\/site\/wp-json\/wp\/v2\/media?parent=4561"}],"wp:term":[{"taxonomy":"category","embeddable":true,"href":"https:\/\/larock.com.es\/site\/wp-json\/wp\/v2\/categories?post=4561"},{"taxonomy":"post_tag","embeddable":true,"href":"https:\/\/larock.com.es\/site\/wp-json\/wp\/v2\/tags?post=4561"}],"curies":[{"name":"wp","href":"https:\/\/api.w.org\/{rel}","templated":true}]}}