{"id":4557,"date":"2024-05-03T14:48:47","date_gmt":"2024-05-03T14:48:47","guid":{"rendered":"https:\/\/larock.com.es\/site\/?p=4557"},"modified":"2024-05-03T14:50:03","modified_gmt":"2024-05-03T14:50:03","slug":"toteking-el-rey-del-rap-se-despide-con-luces-fuera","status":"publish","type":"post","link":"https:\/\/larock.com.es\/site\/2024\/05\/03\/toteking-el-rey-del-rap-se-despide-con-luces-fuera\/","title":{"rendered":"TOTEKING, EL REY DEL RAP, SE DESPIDE CON \u00abLUCES FUERA\u00bb"},"content":{"rendered":"\n<ul class=\"wp-block-list\"><li>El 15 de Enero, el rapero dir\u00e1 adi\u00f3s a los escenarios desde Live Las Ventas tr\u00e1s m\u00e1s de 20 a\u00f1os de exitosa carrera.<\/li><\/ul>\n\n\n\n<div class=\"wp-block-columns is-layout-flex wp-container-core-columns-is-layout-9d6595d7 wp-block-columns-is-layout-flex\">\n<div class=\"wp-block-column is-layout-flow wp-block-column-is-layout-flow\" style=\"flex-basis:100%\">\n<div class=\"wp-block-group\"><div class=\"wp-block-group__inner-container is-layout-flow wp-block-group-is-layout-flow\">\n<div class=\"wp-block-image\"><figure class=\"aligncenter size-large\"><img loading=\"lazy\" decoding=\"async\" width=\"1024\" height=\"1024\" src=\"http:\/\/larock.com.es\/site\/wp-content\/uploads\/2024\/05\/MAD_1X1-1024x1024.png\" alt=\"\" class=\"wp-image-4549\" srcset=\"https:\/\/larock.com.es\/site\/wp-content\/uploads\/2024\/05\/MAD_1X1-1024x1024.png 1024w, https:\/\/larock.com.es\/site\/wp-content\/uploads\/2024\/05\/MAD_1X1-300x300.png 300w, https:\/\/larock.com.es\/site\/wp-content\/uploads\/2024\/05\/MAD_1X1-150x150.png 150w, https:\/\/larock.com.es\/site\/wp-content\/uploads\/2024\/05\/MAD_1X1-768x768.png 768w, https:\/\/larock.com.es\/site\/wp-content\/uploads\/2024\/05\/MAD_1X1.png 1081w\" sizes=\"auto, (max-width: 1024px) 100vw, 1024px\" \/><\/figure><\/div>\n<\/div><\/div>\n<\/div>\n<\/div>\n\n\n\n<p>Con m\u00e1s de 20 a\u00f1os en la \u00e9lite, siete discos de \u00e9xito y, actualmente, m\u00e1s de 200 millones de escuchas en streaming, Toteking, uno de los pilares del rap espa\u00f1ol, se despide con \u00abLuces Fuera\u00bb, su octavo larga duraci\u00f3n.<\/p>\n\n\n\n<p>En \u00e9l encontraremos una apabullante colecci\u00f3n de hits con colaboraciones de la talla de Gera MX, Maikel Delacalle, Dollar, Ill Peke\u00f1o, Ergo Pro, Bejo, Reality o Hoke. Otra obra maestra firmada el rapero sevillano en la que nos invita a empaparnos de la cultura del rap en todas sus manifestaciones de la mano de artistas que nos permiten entender la evoluci\u00f3n del g\u00e9nero y la importancia de la carrera del artista.<\/p>\n\n\n\n<p>Tras ser nominado al Grammy Latino con \u201cLebron\u201d, descubrirse como un brillante escritor en \u201cB\u00fanker\u201d (Blackie Books, 2020), crear \u201cThe Kingtape\u201d (The Music Republic, 2021) con una impecable colecci\u00f3n de hits, Toteking se despide con \u201cLuces Fuera\u201d liderando el trono del hip hop nacional.<\/p>\n\n\n\n<p>Luces fuera ir\u00e1 acompa\u00f1ado de una gira en la que el artista podr\u00e1 despedirse de los escenarios como se merece, elevando estas nuevas canciones al directo y adem\u00e1s, haciendo un repaso por toda su trayectoria. Sin duda alguna, estamos ante la despedida del rey del rap en espa\u00f1ol.<\/p>\n\n\n\n<p><a href=\"https:\/\/www.ticketmaster.es\/event\/40627?subchannel_id=11808&amp;brand=base_mb_es\">Entradas ya a la venta en ticketmaster.es<\/a><\/p>\n\n\n\n<p><\/p>\n\n\n\n<p><\/p>\n","protected":false},"excerpt":{"rendered":"<p>El 15 de Enero, el rapero dir\u00e1 adi\u00f3s a los escenarios desde Live Las Ventas tr\u00e1s m\u00e1s de 20 a\u00f1os de exitosa carrera. Con m\u00e1s de 20 a\u00f1os en la \u00e9lite, siete discos de \u00e9xito y, actualmente, m\u00e1s de 200 millones de escuchas en streaming, Toteking, uno de los pilares del rap espa\u00f1ol, se despide [&hellip;]<\/p>\n","protected":false},"author":2,"featured_media":4549,"comment_status":"closed","ping_status":"open","sticky":false,"template":"","format":"standard","meta":{"footnotes":""},"categories":[24,26,27],"tags":[237,284],"class_list":["post-4557","post","type-post","status-publish","format-standard","has-post-thumbnail","hentry","category-conciertos1","category-espectaculos","category-noticias","tag-live-las-ventas","tag-toteking"],"_links":{"self":[{"href":"https:\/\/larock.com.es\/site\/wp-json\/wp\/v2\/posts\/4557","targetHints":{"allow":["GET"]}}],"collection":[{"href":"https:\/\/larock.com.es\/site\/wp-json\/wp\/v2\/posts"}],"about":[{"href":"https:\/\/larock.com.es\/site\/wp-json\/wp\/v2\/types\/post"}],"author":[{"embeddable":true,"href":"https:\/\/larock.com.es\/site\/wp-json\/wp\/v2\/users\/2"}],"replies":[{"embeddable":true,"href":"https:\/\/larock.com.es\/site\/wp-json\/wp\/v2\/comments?post=4557"}],"version-history":[{"count":3,"href":"https:\/\/larock.com.es\/site\/wp-json\/wp\/v2\/posts\/4557\/revisions"}],"predecessor-version":[{"id":4560,"href":"https:\/\/larock.com.es\/site\/wp-json\/wp\/v2\/posts\/4557\/revisions\/4560"}],"wp:featuredmedia":[{"embeddable":true,"href":"https:\/\/larock.com.es\/site\/wp-json\/wp\/v2\/media\/4549"}],"wp:attachment":[{"href":"https:\/\/larock.com.es\/site\/wp-json\/wp\/v2\/media?parent=4557"}],"wp:term":[{"taxonomy":"category","embeddable":true,"href":"https:\/\/larock.com.es\/site\/wp-json\/wp\/v2\/categories?post=4557"},{"taxonomy":"post_tag","embeddable":true,"href":"https:\/\/larock.com.es\/site\/wp-json\/wp\/v2\/tags?post=4557"}],"curies":[{"name":"wp","href":"https:\/\/api.w.org\/{rel}","templated":true}]}}