{"id":4554,"date":"2024-05-03T14:36:57","date_gmt":"2024-05-03T14:36:57","guid":{"rendered":"https:\/\/larock.com.es\/site\/?p=4554"},"modified":"2024-05-03T14:36:58","modified_gmt":"2024-05-03T14:36:58","slug":"miriam-rodriguez-en-live-las-ventas","status":"publish","type":"post","link":"https:\/\/larock.com.es\/site\/2024\/05\/03\/miriam-rodriguez-en-live-las-ventas\/","title":{"rendered":"MIRIAM RODR\u00cdGUEZ EN LIVE LAS VENTAS"},"content":{"rendered":"\n<ul class=\"wp-block-list\"><li>Miriam Rodr\u00edguez el 31 de Enero de 2025 en Live Las Ventas<\/li><\/ul>\n\n\n\n<div class=\"wp-block-columns is-layout-flex wp-container-core-columns-is-layout-9d6595d7 wp-block-columns-is-layout-flex\">\n<div class=\"wp-block-column is-layout-flow wp-block-column-is-layout-flow\" style=\"flex-basis:100%\">\n<div class=\"wp-block-group\"><div class=\"wp-block-group__inner-container is-layout-flow wp-block-group-is-layout-flow\">\n<div class=\"wp-block-image\"><figure class=\"aligncenter size-large\"><img loading=\"lazy\" decoding=\"async\" width=\"819\" height=\"1024\" src=\"http:\/\/larock.com.es\/site\/wp-content\/uploads\/2024\/05\/LIVELASVENTAS_POST-819x1024.png\" alt=\"\" class=\"wp-image-4551\" srcset=\"https:\/\/larock.com.es\/site\/wp-content\/uploads\/2024\/05\/LIVELASVENTAS_POST-819x1024.png 819w, https:\/\/larock.com.es\/site\/wp-content\/uploads\/2024\/05\/LIVELASVENTAS_POST-240x300.png 240w, https:\/\/larock.com.es\/site\/wp-content\/uploads\/2024\/05\/LIVELASVENTAS_POST-768x960.png 768w, https:\/\/larock.com.es\/site\/wp-content\/uploads\/2024\/05\/LIVELASVENTAS_POST.png 1080w\" sizes=\"auto, (max-width: 819px) 100vw, 819px\" \/><\/figure><\/div>\n<\/div><\/div>\n<\/div>\n<\/div>\n\n\n\n<p><strong>Miriam Rodr\u00edguez <\/strong>es, indiscutiblemente, una de las voces m\u00e1s destacadas de los \u00faltimos a\u00f1os en<br>el panorama musical espa\u00f1ol.<br>Con un talento vocal y escenogr\u00e1fico extraordinarios, la cantante y compositora gallega huye de<br>las etiquetas y vive la m\u00fasica a cada paso y en cada suspiro. Ahora, y tras una pausa obligatoria<br>pero necesaria, regresa con un sonido POP-en may\u00fasculas- y con canciones de melod\u00edas y<br>mensajes universales.<br>Inmersa en medio de su \u2018l\u00ednea roja tour&#8217; y tras recorrer parte de la geograf\u00eda espa\u00f1ola, Miriam<br>Rodr\u00edguez presenta &#8216;VALI\u00d3 LA PENA FALLAR&#8217;, el show m\u00e1s especial e importante de la carrera de<br>la artista, con una propuesta esc\u00e9nica ampliada y \u00fanica, un concierto especial lleno de sorpresas<br>y que solo podr\u00e1 disfrutarse en Madrid, el <strong>31 de enero en el LIVE LAS VENTAS<\/strong><\/p>\n\n\n\n<p><\/p>\n\n\n\n<p><\/p>\n\n\n\n<p><\/p>\n","protected":false},"excerpt":{"rendered":"<p>Miriam Rodr\u00edguez el 31 de Enero de 2025 en Live Las Ventas Miriam Rodr\u00edguez es, indiscutiblemente, una de las voces m\u00e1s destacadas de los \u00faltimos a\u00f1os enel panorama musical espa\u00f1ol.Con un talento vocal y escenogr\u00e1fico extraordinarios, la cantante y compositora gallega huye delas etiquetas y vive la m\u00fasica a cada paso y en cada suspiro. [&hellip;]<\/p>\n","protected":false},"author":2,"featured_media":4551,"comment_status":"closed","ping_status":"open","sticky":false,"template":"","format":"standard","meta":{"footnotes":""},"categories":[24,26,27],"tags":[237],"class_list":["post-4554","post","type-post","status-publish","format-standard","has-post-thumbnail","hentry","category-conciertos1","category-espectaculos","category-noticias","tag-live-las-ventas"],"_links":{"self":[{"href":"https:\/\/larock.com.es\/site\/wp-json\/wp\/v2\/posts\/4554","targetHints":{"allow":["GET"]}}],"collection":[{"href":"https:\/\/larock.com.es\/site\/wp-json\/wp\/v2\/posts"}],"about":[{"href":"https:\/\/larock.com.es\/site\/wp-json\/wp\/v2\/types\/post"}],"author":[{"embeddable":true,"href":"https:\/\/larock.com.es\/site\/wp-json\/wp\/v2\/users\/2"}],"replies":[{"embeddable":true,"href":"https:\/\/larock.com.es\/site\/wp-json\/wp\/v2\/comments?post=4554"}],"version-history":[{"count":2,"href":"https:\/\/larock.com.es\/site\/wp-json\/wp\/v2\/posts\/4554\/revisions"}],"predecessor-version":[{"id":4556,"href":"https:\/\/larock.com.es\/site\/wp-json\/wp\/v2\/posts\/4554\/revisions\/4556"}],"wp:featuredmedia":[{"embeddable":true,"href":"https:\/\/larock.com.es\/site\/wp-json\/wp\/v2\/media\/4551"}],"wp:attachment":[{"href":"https:\/\/larock.com.es\/site\/wp-json\/wp\/v2\/media?parent=4554"}],"wp:term":[{"taxonomy":"category","embeddable":true,"href":"https:\/\/larock.com.es\/site\/wp-json\/wp\/v2\/categories?post=4554"},{"taxonomy":"post_tag","embeddable":true,"href":"https:\/\/larock.com.es\/site\/wp-json\/wp\/v2\/tags?post=4554"}],"curies":[{"name":"wp","href":"https:\/\/api.w.org\/{rel}","templated":true}]}}