{"id":4527,"date":"2024-03-19T13:02:05","date_gmt":"2024-03-19T13:02:05","guid":{"rendered":"https:\/\/larock.com.es\/site\/?p=4527"},"modified":"2024-03-19T13:02:06","modified_gmt":"2024-03-19T13:02:06","slug":"diana-krall-actuara-en-el-teatro-real-el-proximo-29-de-julio","status":"publish","type":"post","link":"https:\/\/larock.com.es\/site\/2024\/03\/19\/diana-krall-actuara-en-el-teatro-real-el-proximo-29-de-julio\/","title":{"rendered":"Diana Krall actuar\u00e1 en el Teatro Real el pr\u00f3ximo 29 de julio."},"content":{"rendered":"\n<ul class=\"wp-block-list\"><li>La canadiense actuar\u00e1 el pr\u00f3ximo 29 de Julio en el Teatro Real de Madrid dentro de su tour internacional 2024.<\/li><li>Las entradas de venta general estar\u00e1n disponibles el 21 de marzo a partir de las 10:00h en www.teatroreal.es<\/li><\/ul>\n\n\n\n<div class=\"wp-block-columns is-layout-flex wp-container-core-columns-is-layout-9d6595d7 wp-block-columns-is-layout-flex\">\n<div class=\"wp-block-column is-layout-flow wp-block-column-is-layout-flow\" style=\"flex-basis:100%\">\n<div class=\"wp-block-group\"><div class=\"wp-block-group__inner-container is-layout-flow wp-block-group-is-layout-flow\">\n<div class=\"wp-block-image\"><figure class=\"aligncenter size-medium\"><img loading=\"lazy\" decoding=\"async\" width=\"300\" height=\"300\" src=\"https:\/\/larock.com.es\/site\/wp-content\/uploads\/2024\/03\/Diana-Krall-MADRID-1080x1080-1-300x300.jpg\" alt=\"\" class=\"wp-image-4528\" srcset=\"https:\/\/larock.com.es\/site\/wp-content\/uploads\/2024\/03\/Diana-Krall-MADRID-1080x1080-1-300x300.jpg 300w, https:\/\/larock.com.es\/site\/wp-content\/uploads\/2024\/03\/Diana-Krall-MADRID-1080x1080-1-1024x1024.jpg 1024w, https:\/\/larock.com.es\/site\/wp-content\/uploads\/2024\/03\/Diana-Krall-MADRID-1080x1080-1-150x150.jpg 150w, https:\/\/larock.com.es\/site\/wp-content\/uploads\/2024\/03\/Diana-Krall-MADRID-1080x1080-1-768x768.jpg 768w, https:\/\/larock.com.es\/site\/wp-content\/uploads\/2024\/03\/Diana-Krall-MADRID-1080x1080-1.jpg 1080w\" sizes=\"auto, (max-width: 300px) 100vw, 300px\" \/><\/figure><\/div>\n\n\n\n<p>Diana Krall es la sofisticaci\u00f3n del Jazz. Pianista, compositora y vocalista, reconocida internacionalmente dentro y fuera de las fronteras jazzisticas. Con m\u00e1s de 20 millones de discos vendidos, Krall ha demostrado que se puede conquistar a los selectos amantes del jazz y fascinar al gran p\u00fablico comercial, trascendiendo m\u00e1s all\u00e1 de estilos musicales, lo que la ha convertido en una de las artistas m\u00e1s reconocidas de nuestro tiempo.<\/p>\n\n\n\n<p>La ganadora de tres Premios Grammy, regresar\u00e1 al Teatro Real de Madrid el pr\u00f3ximo 29 de julio, para ofrecer uno de sus exquisitos conciertos dentro de la gira de 2024 con la que est\u00e1 recorriendo los auditorios y festivales m\u00e1s prestigiosos del mundo.<\/p>\n\n\n\n<p>Una cita en la que repasar\u00e1 sus casi tres d\u00e9cadas de carrera musical marcada por la influencia de otros artistas como Carmen McRae, Fats Waller, Sarah Vaughan, Roberta Flack, Nat King Cole, Dinah Washington, Shirley Horn o Aretha Franklin.<\/p>\n\n\n\n<p>Una ocasi\u00f3n imprescindible para disfrutar de la elegancia de la voz y la m\u00fasica de Diana Krall en el maravilloso escenario del Teatro Real de Madrid.<\/p>\n\n\n\n<p>Las entradas de venta general estar\u00e1n disponibles el 21 de Marzo a partir de las 10h en www.teatroreal.es y en las taquillas del teatro. La preventa estar\u00e1 disponible a trav\u00e9s de estos mismos canales el 19 de marzo para Amigos y Patrocinadores del Teatro Real, y los abonados podr\u00e1n adquirirlas desde el 20 de marzo ambos a partir de las 10h.<\/p>\n<\/div><\/div>\n<\/div>\n<\/div>\n\n\n\n<p><\/p>\n\n\n\n<p><\/p>\n\n\n\n<p><\/p>\n\n\n\n<p><\/p>\n","protected":false},"excerpt":{"rendered":"<p>La canadiense actuar\u00e1 el pr\u00f3ximo 29 de Julio en el Teatro Real de Madrid dentro de su tour internacional 2024. Las entradas de venta general estar\u00e1n disponibles el 21 de marzo a partir de las 10:00h en www.teatroreal.es Diana Krall es la sofisticaci\u00f3n del Jazz. Pianista, compositora y vocalista, reconocida internacionalmente dentro y fuera de [&hellip;]<\/p>\n","protected":false},"author":2,"featured_media":4528,"comment_status":"closed","ping_status":"open","sticky":false,"template":"","format":"standard","meta":{"footnotes":""},"categories":[24,26,27],"tags":[279,164,280],"class_list":["post-4527","post","type-post","status-publish","format-standard","has-post-thumbnail","hentry","category-conciertos1","category-espectaculos","category-noticias","tag-diana-krall","tag-jazz","tag-teatro-rea"],"_links":{"self":[{"href":"https:\/\/larock.com.es\/site\/wp-json\/wp\/v2\/posts\/4527","targetHints":{"allow":["GET"]}}],"collection":[{"href":"https:\/\/larock.com.es\/site\/wp-json\/wp\/v2\/posts"}],"about":[{"href":"https:\/\/larock.com.es\/site\/wp-json\/wp\/v2\/types\/post"}],"author":[{"embeddable":true,"href":"https:\/\/larock.com.es\/site\/wp-json\/wp\/v2\/users\/2"}],"replies":[{"embeddable":true,"href":"https:\/\/larock.com.es\/site\/wp-json\/wp\/v2\/comments?post=4527"}],"version-history":[{"count":2,"href":"https:\/\/larock.com.es\/site\/wp-json\/wp\/v2\/posts\/4527\/revisions"}],"predecessor-version":[{"id":4530,"href":"https:\/\/larock.com.es\/site\/wp-json\/wp\/v2\/posts\/4527\/revisions\/4530"}],"wp:featuredmedia":[{"embeddable":true,"href":"https:\/\/larock.com.es\/site\/wp-json\/wp\/v2\/media\/4528"}],"wp:attachment":[{"href":"https:\/\/larock.com.es\/site\/wp-json\/wp\/v2\/media?parent=4527"}],"wp:term":[{"taxonomy":"category","embeddable":true,"href":"https:\/\/larock.com.es\/site\/wp-json\/wp\/v2\/categories?post=4527"},{"taxonomy":"post_tag","embeddable":true,"href":"https:\/\/larock.com.es\/site\/wp-json\/wp\/v2\/tags?post=4527"}],"curies":[{"name":"wp","href":"https:\/\/api.w.org\/{rel}","templated":true}]}}