{"id":4502,"date":"2024-03-04T11:39:40","date_gmt":"2024-03-04T11:39:40","guid":{"rendered":"http:\/\/larock.com.es\/site\/?p=4502"},"modified":"2024-03-04T11:44:04","modified_gmt":"2024-03-04T11:44:04","slug":"nil-moliner-en-live-las-ventas","status":"publish","type":"post","link":"https:\/\/larock.com.es\/site\/2024\/03\/04\/nil-moliner-en-live-las-ventas\/","title":{"rendered":"NIL MOLINER en LIVE LAS VENTAS"},"content":{"rendered":"\n<p><br><\/p>\n\n\n\n<div class=\"wp-block-image\"><figure class=\"aligncenter size-large\"><img loading=\"lazy\" decoding=\"async\" width=\"819\" height=\"1024\" src=\"http:\/\/larock.com.es\/site\/wp-content\/uploads\/2024\/03\/MADRID-1-819x1024.png\" alt=\"\" class=\"wp-image-4500\" srcset=\"https:\/\/larock.com.es\/site\/wp-content\/uploads\/2024\/03\/MADRID-1-819x1024.png 819w, https:\/\/larock.com.es\/site\/wp-content\/uploads\/2024\/03\/MADRID-1-240x300.png 240w, https:\/\/larock.com.es\/site\/wp-content\/uploads\/2024\/03\/MADRID-1-768x960.png 768w, https:\/\/larock.com.es\/site\/wp-content\/uploads\/2024\/03\/MADRID-1.png 1080w\" sizes=\"auto, (max-width: 819px) 100vw, 819px\" \/><\/figure><\/div>\n\n\n\n<p>Nil Moliner llega con su nueva\u00a0Gira Lugar Para\u00edso Tour a LIVE LAS VENTAS. El artista, se ha convertido ya en un imprescindible del panorama musical nacional. Durante los \u00a0\u00faltimos a\u00f1os ha conocido de primera mano lo que significa un ascenso mete\u00f3rico hacia el \u00e9xito. Lo avalan dos nominaciones a Los 40 Music Awards, y su correspondiente victoria en la categor\u00eda de \u00abArtista Revelaci\u00f3n\u00bb, junto con un Premio Ode\u00f3n 2021 en esta misma categor\u00eda;\u00a0<strong>casi 3 millones de oyentes mensuales en Spotify; 7 discos de platino y 8 discos de oro.\u00a0<\/strong><\/p>\n\n\n\n<p><a href=\"https:\/\/www.ticketmaster.es\/event\/nil-moliner-entradas\/39433\">ENTRADAS YA DISPONIBLES<\/a><\/p>\n\n\n\n<p><\/p>\n\n\n\n<p><\/p>\n\n\n\n<p><\/p>\n","protected":false},"excerpt":{"rendered":"<p>Nil Moliner llega con su nueva\u00a0Gira Lugar Para\u00edso Tour a LIVE LAS VENTAS. El artista, se ha convertido ya en un imprescindible del panorama musical nacional. Durante los \u00a0\u00faltimos a\u00f1os ha conocido de primera mano lo que significa un ascenso mete\u00f3rico hacia el \u00e9xito. Lo avalan dos nominaciones a Los 40 Music Awards, y su [&hellip;]<\/p>\n","protected":false},"author":2,"featured_media":4500,"comment_status":"closed","ping_status":"open","sticky":false,"template":"","format":"standard","meta":{"footnotes":""},"categories":[24,273,27],"tags":[275,237,274],"class_list":["post-4502","post","type-post","status-publish","format-standard","has-post-thumbnail","hentry","category-conciertos1","category-live-las-ventas","category-noticias","tag-conciertos-en-madrid","tag-live-las-ventas","tag-nil-moliner"],"_links":{"self":[{"href":"https:\/\/larock.com.es\/site\/wp-json\/wp\/v2\/posts\/4502","targetHints":{"allow":["GET"]}}],"collection":[{"href":"https:\/\/larock.com.es\/site\/wp-json\/wp\/v2\/posts"}],"about":[{"href":"https:\/\/larock.com.es\/site\/wp-json\/wp\/v2\/types\/post"}],"author":[{"embeddable":true,"href":"https:\/\/larock.com.es\/site\/wp-json\/wp\/v2\/users\/2"}],"replies":[{"embeddable":true,"href":"https:\/\/larock.com.es\/site\/wp-json\/wp\/v2\/comments?post=4502"}],"version-history":[{"count":5,"href":"https:\/\/larock.com.es\/site\/wp-json\/wp\/v2\/posts\/4502\/revisions"}],"predecessor-version":[{"id":4507,"href":"https:\/\/larock.com.es\/site\/wp-json\/wp\/v2\/posts\/4502\/revisions\/4507"}],"wp:featuredmedia":[{"embeddable":true,"href":"https:\/\/larock.com.es\/site\/wp-json\/wp\/v2\/media\/4500"}],"wp:attachment":[{"href":"https:\/\/larock.com.es\/site\/wp-json\/wp\/v2\/media?parent=4502"}],"wp:term":[{"taxonomy":"category","embeddable":true,"href":"https:\/\/larock.com.es\/site\/wp-json\/wp\/v2\/categories?post=4502"},{"taxonomy":"post_tag","embeddable":true,"href":"https:\/\/larock.com.es\/site\/wp-json\/wp\/v2\/tags?post=4502"}],"curies":[{"name":"wp","href":"https:\/\/api.w.org\/{rel}","templated":true}]}}