{"id":4483,"date":"2024-02-23T11:15:13","date_gmt":"2024-02-23T11:15:13","guid":{"rendered":"http:\/\/larock.com.es\/site\/?p=4483"},"modified":"2024-02-23T11:15:14","modified_gmt":"2024-02-23T11:15:14","slug":"nina-pastori-anuncia-los-ultimos-conciertos-de-su-exitosa-gira-camino","status":"publish","type":"post","link":"https:\/\/larock.com.es\/site\/2024\/02\/23\/nina-pastori-anuncia-los-ultimos-conciertos-de-su-exitosa-gira-camino\/","title":{"rendered":"NI\u00d1A PASTORI anuncia los \u00faltimos conciertos de su exitosa gira \u201cCAMINO\u201d"},"content":{"rendered":"\n<p><strong><u>La gaditana es la artista con m\u00e1s Latin Grammys de m\u00fasica flamenca<\/u><\/strong><br><\/p>\n\n\n\n<div class=\"wp-block-image\"><figure class=\"aligncenter size-large is-resized\"><img loading=\"lazy\" decoding=\"async\" src=\"http:\/\/larock.com.es\/site\/wp-content\/uploads\/2024\/02\/FEED-1-1024x1024.jpg\" alt=\"\" class=\"wp-image-4484\" width=\"512\" height=\"512\" srcset=\"https:\/\/larock.com.es\/site\/wp-content\/uploads\/2024\/02\/FEED-1-1024x1024.jpg 1024w, https:\/\/larock.com.es\/site\/wp-content\/uploads\/2024\/02\/FEED-1-300x300.jpg 300w, https:\/\/larock.com.es\/site\/wp-content\/uploads\/2024\/02\/FEED-1-150x150.jpg 150w, https:\/\/larock.com.es\/site\/wp-content\/uploads\/2024\/02\/FEED-1-768x767.jpg 768w, https:\/\/larock.com.es\/site\/wp-content\/uploads\/2024\/02\/FEED-1.jpg 1081w\" sizes=\"auto, (max-width: 512px) 100vw, 512px\" \/><\/figure><\/div>\n\n\n\n<p>Despu\u00e9s de lograr su quinto Latin Grammy, conquistar a cr\u00edtica y p\u00fablico con su \u00faltimo \u00e1lbum de estudio, y recorrer Espa\u00f1a, M\u00e9xico y Estados Unidos, <strong>Ni\u00f1a Pastori<\/strong> anuncia que despide la gira de <strong>\u201cCAMINO\u201d<\/strong> en verano de 2024.<\/p>\n\n\n\n<p>Para celebrar este acontecimiento la aclamada artista ofrecer\u00e1 <strong>15 fechas muy especiales e irrepetibles<\/strong> en el que enmarcada en una arrolladora puesta en escena su poderosa y carism\u00e1tica voz emocionar\u00e1 a los asistentes. Las primeras fechas confirmadas son el <strong>7 de septiembre en Noches de La Maestranza (Sevilla), 22 de septiembre en el Wizink Center (Madrid) o el 28 de septiembre en el Palau Sant Jordi (Barcelona<\/strong>), entre otras que se anunciar\u00e1n pr\u00f3ximamente y en las que el p\u00fablico podr\u00e1 acompa\u00f1ar a <strong>Ni\u00f1a Pastori<\/strong> a recorrer el final de este <strong><em>Camino<\/em><\/strong>.<\/p>\n\n\n\n<p>Desde que a los 8 a\u00f1os se subiera por primera vez a un escenario, <strong>Ni\u00f1a Pastori<\/strong> ha forjado una identidad distintiva e inigualable, fusionando de manera extraordinaria la autenticidad de su voz con las corrientes musicales contempor\u00e1neas.<\/p>\n\n\n\n<p>Tras m\u00e1s de 25 a\u00f1os de carrera sobre los escenarios el \u00e9xito de <strong>Ni\u00f1a Pastori<\/strong> traspasa varias generaciones alrededor de todo el mundo. Su voz, su nervio y el compromiso con sus ra\u00edces \u2014tan innegociable como sus ganas de experimentar\u2014 han hecho de su carrera una de las m\u00e1s queridas y respetadas no solo por el p\u00fablico, sino por la cr\u00edtica especializada, cosechando en su extensa trayectoria reconocimientos como 5 Grammy Latinos, dos Premios Dial, y diversos discos de Oro y Platino en pa\u00edses como Espa\u00f1a, Colombia y Argentina, entre otros logros. Adem\u00e1s, cuenta con la prestigiosa Medalla de Andaluc\u00eda y el t\u00edtulo de Embajadora de la Provincia de C\u00e1diz.<\/p>\n\n\n\n<p><strong>Las entradas para disfrutar del concierto de los conciertos de Ni\u00f1a Pastori en Sevilla, Madrid y Barcelona estar\u00e1n disponibles pr\u00f3ximo martes 27 de febrero en El Corte Ingl\u00e9s<\/strong><\/p>\n\n\n\n<p><\/p>\n\n\n\n<p><\/p>\n","protected":false},"excerpt":{"rendered":"<p>La gaditana es la artista con m\u00e1s Latin Grammys de m\u00fasica flamenca Despu\u00e9s de lograr su quinto Latin Grammy, conquistar a cr\u00edtica y p\u00fablico con su \u00faltimo \u00e1lbum de estudio, y recorrer Espa\u00f1a, M\u00e9xico y Estados Unidos, Ni\u00f1a Pastori anuncia que despide la gira de \u201cCAMINO\u201d en verano de 2024. Para celebrar este acontecimiento la [&hellip;]<\/p>\n","protected":false},"author":2,"featured_media":4484,"comment_status":"closed","ping_status":"open","sticky":false,"template":"","format":"standard","meta":{"footnotes":""},"categories":[24,27],"tags":[],"class_list":["post-4483","post","type-post","status-publish","format-standard","has-post-thumbnail","hentry","category-conciertos1","category-noticias"],"_links":{"self":[{"href":"https:\/\/larock.com.es\/site\/wp-json\/wp\/v2\/posts\/4483","targetHints":{"allow":["GET"]}}],"collection":[{"href":"https:\/\/larock.com.es\/site\/wp-json\/wp\/v2\/posts"}],"about":[{"href":"https:\/\/larock.com.es\/site\/wp-json\/wp\/v2\/types\/post"}],"author":[{"embeddable":true,"href":"https:\/\/larock.com.es\/site\/wp-json\/wp\/v2\/users\/2"}],"replies":[{"embeddable":true,"href":"https:\/\/larock.com.es\/site\/wp-json\/wp\/v2\/comments?post=4483"}],"version-history":[{"count":2,"href":"https:\/\/larock.com.es\/site\/wp-json\/wp\/v2\/posts\/4483\/revisions"}],"predecessor-version":[{"id":4487,"href":"https:\/\/larock.com.es\/site\/wp-json\/wp\/v2\/posts\/4483\/revisions\/4487"}],"wp:featuredmedia":[{"embeddable":true,"href":"https:\/\/larock.com.es\/site\/wp-json\/wp\/v2\/media\/4484"}],"wp:attachment":[{"href":"https:\/\/larock.com.es\/site\/wp-json\/wp\/v2\/media?parent=4483"}],"wp:term":[{"taxonomy":"category","embeddable":true,"href":"https:\/\/larock.com.es\/site\/wp-json\/wp\/v2\/categories?post=4483"},{"taxonomy":"post_tag","embeddable":true,"href":"https:\/\/larock.com.es\/site\/wp-json\/wp\/v2\/tags?post=4483"}],"curies":[{"name":"wp","href":"https:\/\/api.w.org\/{rel}","templated":true}]}}