{"id":4443,"date":"2024-01-30T13:50:25","date_gmt":"2024-01-30T13:50:25","guid":{"rendered":"http:\/\/larock.com.es\/site\/?p=4443"},"modified":"2024-01-30T13:57:52","modified_gmt":"2024-01-30T13:57:52","slug":"pimpinela-llega-a-espana-con-su-nueva-gira-siempre-juntos","status":"publish","type":"post","link":"https:\/\/larock.com.es\/site\/2024\/01\/30\/pimpinela-llega-a-espana-con-su-nueva-gira-siempre-juntos\/","title":{"rendered":"Pimpinela llega a Espa\u00f1a con su nueva gira \u201cSiempre Juntos\u201d"},"content":{"rendered":"\n<p>Las primeras citas confirmadas son Valencia, Benidorm (Alicante),Fuengirola (M\u00e1laga), Chiclana de la Frontera (C\u00e1diz), Barcelona, Mairena del Aljarafe (Sevilla), Zaragoza, Granada y C\u00f3rdoba. Pr\u00f3ximamente se anunciar\u00e1n m\u00e1s fechas de su gira espa\u00f1ola.Las entradas est\u00e1n a la venta en los canales oficiales de El Corte Ingl\u00e9s y sitios web de los festivales.<\/p>\n\n\n\n<figure class=\"wp-block-image size-large is-style-default\"><img loading=\"lazy\" decoding=\"async\" width=\"980\" height=\"980\" src=\"http:\/\/larock.com.es\/site\/wp-content\/uploads\/2024\/01\/PIMPINELA-PRIMERAS-FECHAS-FEED-10.jpg\" alt=\"\" class=\"wp-image-4444\" srcset=\"https:\/\/larock.com.es\/site\/wp-content\/uploads\/2024\/01\/PIMPINELA-PRIMERAS-FECHAS-FEED-10.jpg 980w, https:\/\/larock.com.es\/site\/wp-content\/uploads\/2024\/01\/PIMPINELA-PRIMERAS-FECHAS-FEED-10-300x300.jpg 300w, https:\/\/larock.com.es\/site\/wp-content\/uploads\/2024\/01\/PIMPINELA-PRIMERAS-FECHAS-FEED-10-150x150.jpg 150w, https:\/\/larock.com.es\/site\/wp-content\/uploads\/2024\/01\/PIMPINELA-PRIMERAS-FECHAS-FEED-10-768x768.jpg 768w\" sizes=\"auto, (max-width: 980px) 100vw, 980px\" \/><\/figure>\n\n\n\n<p>Tras el enorme \u00e9xito de su Gira 40 Aniversario, con la que recorrieron mediomundo desde octubre de 2021 cuando la estrenaron en Estados Unidos. Pimpinela acaba de finalizar con dos sold out la etapa Latinoamericana en el Movistar Arena de Santiago de Chile y el Antel Arena de la ciudad de Montevideo, Uruguay.Espa\u00f1a ser\u00e1 la pr\u00f3xima cita de este exitoso espect\u00e1culo en el que siguen celebrando cuatro d\u00e9cadas de m\u00fasica y \u00e9xitos con el Tour Siempre Juntos.<\/p>\n\n\n\n<p>Las primeras fechas confirmadas llevar\u00e1n a los hermanos Gal\u00e1n por gran parte del espacio nacional. La gira arrancar\u00e1 en el festival Nits del Vivers de Valencia el 3 de agosto, seguido de otros dos grandes ciclos de conciertos, Marenostrum Fuengirola (14 de agosto) y el Concert Music Festival de Chiclana de la Frontera (15 de Agosto). Otras ciudades anunciadas en estas primeras confirmaciones son Barcelona (13 de septiembre), Mairena del Aljarafe (14 de septiembre), Zaragoza (20 de septiembre), Granada (28 de septiembre) y C\u00f3rdoba (pr\u00f3ximamente).<\/p>\n\n\n\n<p>Las entradas para Fuengirola, Barcelona, Mairena, Zaragoza y Granada ya est\u00e1n la venta en El Corte Ingl\u00e9s, mientras que las de Valencia est\u00e1n disponibles en la web de Nits del Vivers, al igual Chiclana en la web de Concert Music Festival.<\/p>\n\n\n\n<p>Benidorm y C\u00f3rdoba estar\u00e1n a la venta pr\u00f3ximamente junto a nuevas fechas y ciudades por desvelar.<\/p>\n\n\n\n<p><\/p>\n","protected":false},"excerpt":{"rendered":"<p>Las primeras citas confirmadas son Valencia, Benidorm (Alicante),Fuengirola (M\u00e1laga), Chiclana de la Frontera (C\u00e1diz), Barcelona, Mairena del Aljarafe (Sevilla), Zaragoza, Granada y C\u00f3rdoba. Pr\u00f3ximamente se anunciar\u00e1n m\u00e1s fechas de su gira espa\u00f1ola.Las entradas est\u00e1n a la venta en los canales oficiales de El Corte Ingl\u00e9s y sitios web de los festivales. Tras el enorme \u00e9xito [&hellip;]<\/p>\n","protected":false},"author":2,"featured_media":4444,"comment_status":"closed","ping_status":"open","sticky":false,"template":"","format":"standard","meta":{"footnotes":""},"categories":[27],"tags":[258,257,37],"class_list":["post-4443","post","type-post","status-publish","format-standard","has-post-thumbnail","hentry","category-noticias","tag-23-julio-2024","tag-julieta-venegas","tag-marenostrum-fuengirola"],"_links":{"self":[{"href":"https:\/\/larock.com.es\/site\/wp-json\/wp\/v2\/posts\/4443","targetHints":{"allow":["GET"]}}],"collection":[{"href":"https:\/\/larock.com.es\/site\/wp-json\/wp\/v2\/posts"}],"about":[{"href":"https:\/\/larock.com.es\/site\/wp-json\/wp\/v2\/types\/post"}],"author":[{"embeddable":true,"href":"https:\/\/larock.com.es\/site\/wp-json\/wp\/v2\/users\/2"}],"replies":[{"embeddable":true,"href":"https:\/\/larock.com.es\/site\/wp-json\/wp\/v2\/comments?post=4443"}],"version-history":[{"count":5,"href":"https:\/\/larock.com.es\/site\/wp-json\/wp\/v2\/posts\/4443\/revisions"}],"predecessor-version":[{"id":4451,"href":"https:\/\/larock.com.es\/site\/wp-json\/wp\/v2\/posts\/4443\/revisions\/4451"}],"wp:featuredmedia":[{"embeddable":true,"href":"https:\/\/larock.com.es\/site\/wp-json\/wp\/v2\/media\/4444"}],"wp:attachment":[{"href":"https:\/\/larock.com.es\/site\/wp-json\/wp\/v2\/media?parent=4443"}],"wp:term":[{"taxonomy":"category","embeddable":true,"href":"https:\/\/larock.com.es\/site\/wp-json\/wp\/v2\/categories?post=4443"},{"taxonomy":"post_tag","embeddable":true,"href":"https:\/\/larock.com.es\/site\/wp-json\/wp\/v2\/tags?post=4443"}],"curies":[{"name":"wp","href":"https:\/\/api.w.org\/{rel}","templated":true}]}}